{"id":11100,"date":"2023-02-07T13:52:20","date_gmt":"2023-02-07T16:52:20","guid":{"rendered":"https:\/\/radiostudiow.com.br\/site\/?p=11100"},"modified":"2025-01-31T15:09:39","modified_gmt":"2025-01-31T18:09:39","slug":"teste-de-bafometro-indica-que-o-condutor-do-veiculo-palio-o-qual-acabou-colidindo-na-traseira-de-um-onibus-estava-embriagado","status":"publish","type":"post","link":"https:\/\/radiostudiow.com.br\/site\/2023\/02\/07\/teste-de-bafometro-indica-que-o-condutor-do-veiculo-palio-o-qual-acabou-colidindo-na-traseira-de-um-onibus-estava-embriagado\/","title":{"rendered":"TESTE DE BAF\u00d4METRO INDICA QUE O CONDUTOR DO VE\u00cdCULO P\u00c1LIO O QUAL ACABOU COLIDINDO NA TRASEIRA DE UM \u00d4NIBUS, ESTAVA EMBRIAGADO"},"content":{"rendered":"\n<figure class=\"wp-block-image size-large\"><img decoding=\"async\" src=\"https:\/\/radiostudiow.com.br\/site\/wp-content\/uploads\/2023\/01\/capa-1024x384.jpg\" alt=\"\" class=\"wp-image-10696\"\/><\/figure>\n\n\n\n<p class=\"has-text-color\" style=\"color:#ffffff00\">.<\/p>\n\n\n\n<p class=\"has-medium-font-size\">A equipe da Pol\u00edcia Militar de Mallet do Pelot\u00e3o Cabo Abr\u00e3o Kanclarovicz, foi acionada por populares para atender uma ocorr\u00eancia de acidente de tr\u00e2nsito envolvendo um \u00f4nibus com placas de Mallet que estava estacionado e um FIAT\/P\u00e1lio com placas do Mercosul, que trafegava na Avenida Jo\u00e3o Pessoa, pr\u00f3ximo ao cemit\u00e9rio da Col\u00f4nia 4.<\/p>\n\n\n\n<p class=\"has-medium-font-size\">O fato ocorreu no in\u00edcio da&nbsp; madrugada desta ter\u00e7a-feira (07).<\/p>\n\n\n\n<p class=\"has-medium-font-size\">A Studio W procurou as informa\u00e7\u00f5es do Boletim de Ocorr\u00eancia e segundo testemunhas, o autom\u00f3vel estava em alta velocidade descendo a avenida sentido centro da cidade, quando o motorista perdeu o controle da dire\u00e7\u00e3o vindo atingir de forma violenta a traseira de um \u00f4nibus que estava estacionado.<\/p>\n\n\n\n<p class=\"has-text-color\" style=\"color:#ffffff00\">.<\/p>\n\n\n\n<figure class=\"wp-block-image size-full\"><img decoding=\"async\" src=\"https:\/\/radiostudiow.com.br\/site\/wp-content\/uploads\/2022\/06\/NUTRI-MALLET.jpg\" alt=\"\" class=\"wp-image-7772\"\/><\/figure>\n\n\n\n<p class=\"has-text-color\" style=\"color:#ffffff00\">.<\/p>\n\n\n\n<p class=\"has-medium-font-size\">No local a equipe policial identificou o condutor do Palio, o qual realizou o teste de etil\u00f4metro, resultando em 0,78mg\/l.<\/p>\n\n\n\n<p class=\"has-medium-font-size\">Confeccionado o Boletim de Acidente de Tr\u00e2nsito e as notifica\u00e7\u00f5es pertinentes.<\/p>\n\n\n\n<p class=\"has-medium-font-size\">Os policiais deram voz de pris\u00e3o ao motorista, lidos seus direitos constitucionais e conduzido at\u00e9 a 4\u00aa SDP (Delegacia da Pol\u00edcia Civil de Uni\u00e3o da Vit\u00f3ria) para os procedimentos cab\u00edveis.<\/p>\n\n\n\n<p class=\"has-medium-font-size\">No momento da colis\u00e3o, n\u00e3o havia motorista e nem passageiros no \u00f4nibus.<\/p>\n\n\n\n<p class=\"has-medium-font-size\">No ve\u00edculo P\u00e1lio estava somente o motorista que saiu ileso do acidente.<\/p>\n\n\n\n<p class=\"has-text-color\" style=\"color:#ffffff00\">.<\/p>\n\n\n\n<figure class=\"wp-block-image size-full is-resized\"><img loading=\"lazy\" decoding=\"async\" src=\"https:\/\/radiostudiow.com.br\/site\/wp-content\/uploads\/2022\/12\/800-2.gif\" alt=\"\" class=\"wp-image-10343\" width=\"740\" height=\"138\"\/><\/figure>\n\n\n\n<figure class=\"wp-block-gallery has-nested-images columns-1 wp-block-gallery-1 is-layout-flex wp-block-gallery-is-layout-flex\">\n<figure class=\"wp-block-image size-large\"><img loading=\"lazy\" decoding=\"async\" width=\"768\" height=\"1024\" data-id=\"11107\" src=\"https:\/\/radiostudiow.com.br\/site\/wp-content\/uploads\/2023\/02\/01-3-768x1024.jpg\" alt=\"\" class=\"wp-image-11107\" srcset=\"https:\/\/radiostudiow.com.br\/site\/wp-content\/uploads\/2023\/02\/01-3-768x1024.jpg 768w, https:\/\/radiostudiow.com.br\/site\/wp-content\/uploads\/2023\/02\/01-3-225x300.jpg 225w, https:\/\/radiostudiow.com.br\/site\/wp-content\/uploads\/2023\/02\/01-3.jpg 960w\" sizes=\"auto, (max-width: 768px) 100vw, 768px\" \/><\/figure>\n\n\n\n<figure class=\"wp-block-image size-large\"><img loading=\"lazy\" decoding=\"async\" width=\"768\" height=\"1024\" data-id=\"11106\" src=\"https:\/\/radiostudiow.com.br\/site\/wp-content\/uploads\/2023\/02\/02-2-768x1024.jpg\" alt=\"\" class=\"wp-image-11106\" srcset=\"https:\/\/radiostudiow.com.br\/site\/wp-content\/uploads\/2023\/02\/02-2-768x1024.jpg 768w, https:\/\/radiostudiow.com.br\/site\/wp-content\/uploads\/2023\/02\/02-2-225x300.jpg 225w, https:\/\/radiostudiow.com.br\/site\/wp-content\/uploads\/2023\/02\/02-2.jpg 960w\" sizes=\"auto, (max-width: 768px) 100vw, 768px\" \/><\/figure>\n\n\n\n<figure class=\"wp-block-image size-large\"><img loading=\"lazy\" decoding=\"async\" width=\"1024\" height=\"768\" data-id=\"11105\" src=\"https:\/\/radiostudiow.com.br\/site\/wp-content\/uploads\/2023\/02\/03-3-1024x768.jpg\" alt=\"\" class=\"wp-image-11105\" srcset=\"https:\/\/radiostudiow.com.br\/site\/wp-content\/uploads\/2023\/02\/03-3-1024x768.jpg 1024w, https:\/\/radiostudiow.com.br\/site\/wp-content\/uploads\/2023\/02\/03-3-300x225.jpg 300w, https:\/\/radiostudiow.com.br\/site\/wp-content\/uploads\/2023\/02\/03-3-768x576.jpg 768w, https:\/\/radiostudiow.com.br\/site\/wp-content\/uploads\/2023\/02\/03-3.jpg 1280w\" sizes=\"auto, (max-width: 1024px) 100vw, 1024px\" \/><\/figure>\n\n\n\n<figure class=\"wp-block-image size-large\"><img loading=\"lazy\" decoding=\"async\" width=\"768\" height=\"1024\" data-id=\"11102\" src=\"https:\/\/radiostudiow.com.br\/site\/wp-content\/uploads\/2023\/02\/04-2-768x1024.jpg\" alt=\"\" class=\"wp-image-11102\" srcset=\"https:\/\/radiostudiow.com.br\/site\/wp-content\/uploads\/2023\/02\/04-2-768x1024.jpg 768w, https:\/\/radiostudiow.com.br\/site\/wp-content\/uploads\/2023\/02\/04-2-225x300.jpg 225w, https:\/\/radiostudiow.com.br\/site\/wp-content\/uploads\/2023\/02\/04-2.jpg 960w\" sizes=\"auto, (max-width: 768px) 100vw, 768px\" \/><\/figure>\n\n\n\n<figure class=\"wp-block-image size-large\"><img loading=\"lazy\" decoding=\"async\" width=\"1024\" height=\"768\" data-id=\"11108\" src=\"https:\/\/radiostudiow.com.br\/site\/wp-content\/uploads\/2023\/02\/05-2-1024x768.jpg\" alt=\"\" class=\"wp-image-11108\" srcset=\"https:\/\/radiostudiow.com.br\/site\/wp-content\/uploads\/2023\/02\/05-2-1024x768.jpg 1024w, https:\/\/radiostudiow.com.br\/site\/wp-content\/uploads\/2023\/02\/05-2-300x225.jpg 300w, https:\/\/radiostudiow.com.br\/site\/wp-content\/uploads\/2023\/02\/05-2-768x576.jpg 768w, https:\/\/radiostudiow.com.br\/site\/wp-content\/uploads\/2023\/02\/05-2-1536x1152.jpg 1536w, https:\/\/radiostudiow.com.br\/site\/wp-content\/uploads\/2023\/02\/05-2.jpg 1600w\" sizes=\"auto, (max-width: 1024px) 100vw, 1024px\" \/><\/figure>\n\n\n\n<figure class=\"wp-block-image size-large\"><img loading=\"lazy\" decoding=\"async\" width=\"1024\" height=\"768\" data-id=\"11103\" src=\"https:\/\/radiostudiow.com.br\/site\/wp-content\/uploads\/2023\/02\/06-2-1024x768.jpg\" alt=\"\" class=\"wp-image-11103\" srcset=\"https:\/\/radiostudiow.com.br\/site\/wp-content\/uploads\/2023\/02\/06-2-1024x768.jpg 1024w, https:\/\/radiostudiow.com.br\/site\/wp-content\/uploads\/2023\/02\/06-2-300x225.jpg 300w, https:\/\/radiostudiow.com.br\/site\/wp-content\/uploads\/2023\/02\/06-2-768x576.jpg 768w, https:\/\/radiostudiow.com.br\/site\/wp-content\/uploads\/2023\/02\/06-2-1536x1152.jpg 1536w, https:\/\/radiostudiow.com.br\/site\/wp-content\/uploads\/2023\/02\/06-2.jpg 1600w\" sizes=\"auto, (max-width: 1024px) 100vw, 1024px\" \/><\/figure>\n<\/figure>\n","protected":false},"excerpt":{"rendered":"<p>. A equipe da Pol\u00edcia Militar de Mallet do Pelot\u00e3o Cabo Abr\u00e3o Kanclarovicz, foi acionada por populares para atender uma ocorr\u00eancia de acidente de tr\u00e2nsito envolvendo um \u00f4nibus com placas de Mallet que estava estacionado e um FIAT\/P\u00e1lio com placas do Mercosul, que trafegava na Avenida Jo\u00e3o Pessoa, pr\u00f3ximo ao cemit\u00e9rio da Col\u00f4nia 4. O [&hellip;]<\/p>\n","protected":false},"author":2,"featured_media":11109,"comment_status":"open","ping_status":"open","sticky":false,"template":"","format":"standard","meta":{"footnotes":""},"categories":[184,2],"tags":[172],"class_list":["post-11100","post","type-post","status-publish","format-standard","has-post-thumbnail","hentry","category-local","category-policial","tag-featured"],"amp_enabled":true,"_links":{"self":[{"href":"https:\/\/radiostudiow.com.br\/site\/wp-json\/wp\/v2\/posts\/11100","targetHints":{"allow":["GET"]}}],"collection":[{"href":"https:\/\/radiostudiow.com.br\/site\/wp-json\/wp\/v2\/posts"}],"about":[{"href":"https:\/\/radiostudiow.com.br\/site\/wp-json\/wp\/v2\/types\/post"}],"author":[{"embeddable":true,"href":"https:\/\/radiostudiow.com.br\/site\/wp-json\/wp\/v2\/users\/2"}],"replies":[{"embeddable":true,"href":"https:\/\/radiostudiow.com.br\/site\/wp-json\/wp\/v2\/comments?post=11100"}],"version-history":[{"count":2,"href":"https:\/\/radiostudiow.com.br\/site\/wp-json\/wp\/v2\/posts\/11100\/revisions"}],"predecessor-version":[{"id":11111,"href":"https:\/\/radiostudiow.com.br\/site\/wp-json\/wp\/v2\/posts\/11100\/revisions\/11111"}],"wp:featuredmedia":[{"embeddable":true,"href":"https:\/\/radiostudiow.com.br\/site\/wp-json\/wp\/v2\/media\/11109"}],"wp:attachment":[{"href":"https:\/\/radiostudiow.com.br\/site\/wp-json\/wp\/v2\/media?parent=11100"}],"wp:term":[{"taxonomy":"category","embeddable":true,"href":"https:\/\/radiostudiow.com.br\/site\/wp-json\/wp\/v2\/categories?post=11100"},{"taxonomy":"post_tag","embeddable":true,"href":"https:\/\/radiostudiow.com.br\/site\/wp-json\/wp\/v2\/tags?post=11100"}],"curies":[{"name":"wp","href":"https:\/\/api.w.org\/{rel}","templated":true}]}}