{"id":1112,"date":"2021-03-23T16:51:27","date_gmt":"2021-03-23T19:51:27","guid":{"rendered":"https:\/\/radiostudiow.com.br\/site\/?p=1112"},"modified":"2021-03-23T16:51:29","modified_gmt":"2021-03-23T19:51:29","slug":"homem-leva-ripada-na-cabeca-e-fica-desacordado-em-rio-azul","status":"publish","type":"post","link":"https:\/\/radiostudiow.com.br\/site\/2021\/03\/23\/homem-leva-ripada-na-cabeca-e-fica-desacordado-em-rio-azul\/","title":{"rendered":"HOMEM LEVA RIPADA NA CABE\u00c7A E FICA DESACORDADO EM RIO AZUL"},"content":{"rendered":"\n<p>Uma briga entre dois indiv\u00edduos alcoolizados resultou no internamento de um deles com poss\u00edvel fratura de cr\u00e2nio. O fato aconteceu ontem (22), em Rio Azul. O agressor utilizou uma ripa de madeira para atingir seu algoz.<\/p>\n\n\n\n<p>Alertada do ocorrido, a Pol\u00edcia Militar foi para o endere\u00e7o citado na den\u00fancia, mas n\u00e3o encontrou o ferido, pois ele j\u00e1 havia sido atendido por socorristas da Secretaria de Sa\u00fade e encaminhado de ambul\u00e2ncia para o hospital, mas o agressor, visivelmente embriagado e com ferimentos na orelha direita permanecia no local.<\/p>\n\n\n\n<figure class=\"wp-block-image size-large\"><img decoding=\"async\" src=\"https:\/\/radiostudiow.com.br\/site\/wp-content\/uploads\/2021\/03\/propagandas2-1.gif\" alt=\"\" class=\"wp-image-1063\"\/><\/figure>\n\n\n\n<p><br>No hospital, em contato com uma testemunha, os policiais foram informados que a v\u00edtima havia pernoitado na casa do agressor. Logo pela manh\u00e3 ambos come\u00e7aram a ingerir bebidas alco\u00f3licas. \u00c0 tarde o agressor pediu para o parceiro ir embora, mas como este se negou acabou sendo agredido com uma ripada na cabe\u00e7a.<\/p>\n\n\n\n<p>O m\u00e9dico relatou que o paciente deu entrada desacordado e na radiografia foi constatado prov\u00e1vel fratura do cr\u00e2nio. Devido a gravidade do ferimento, a v\u00edtima deveria ser transferida para um hospital de Ponta Grossa para melhor avalia\u00e7\u00e3o do seu quadro neurol\u00f3gico.<\/p>\n\n\n\n<p>O autor da agress\u00e3o foi entregue pela Pol\u00edcia Militar na Delegacia de Pol\u00edcia de Rebou\u00e7as.<\/p>\n\n\n\n<figure class=\"wp-block-image size-large\"><img decoding=\"async\" src=\"https:\/\/radiostudiow.com.br\/site\/wp-content\/uploads\/2021\/02\/WRNET-1.jpg\" alt=\"\" class=\"wp-image-683\"\/><\/figure>\n\n\n\n<p><em>Fonte\/Foto:&nbsp;<a rel=\"noreferrer noopener\" href=\"https:\/\/portalclique.com.br\/\" target=\"_blank\">Portal Clique<\/a><\/em><\/p>\n\n\n\n<p><em>Os coment\u00e1rios s\u00e3o de responsabilidade exclusiva de seus autores e n\u00e3o representam a opini\u00e3o deste site.<\/em><\/p>\n","protected":false},"excerpt":{"rendered":"<p>Uma briga entre dois indiv\u00edduos alcoolizados resultou no internamento de um deles com poss\u00edvel fratura de cr\u00e2nio. O fato aconteceu ontem (22), em Rio Azul. O agressor utilizou uma ripa de madeira para atingir seu algoz. Alertada do ocorrido, a Pol\u00edcia Militar foi para o endere\u00e7o citado na den\u00fancia, mas n\u00e3o encontrou o ferido, pois [&hellip;]<\/p>\n","protected":false},"author":2,"featured_media":0,"comment_status":"open","ping_status":"open","sticky":false,"template":"","format":"standard","meta":{"footnotes":""},"categories":[2],"tags":[172],"class_list":["post-1112","post","type-post","status-publish","format-standard","hentry","category-policial","tag-featured"],"amp_enabled":true,"_links":{"self":[{"href":"https:\/\/radiostudiow.com.br\/site\/wp-json\/wp\/v2\/posts\/1112","targetHints":{"allow":["GET"]}}],"collection":[{"href":"https:\/\/radiostudiow.com.br\/site\/wp-json\/wp\/v2\/posts"}],"about":[{"href":"https:\/\/radiostudiow.com.br\/site\/wp-json\/wp\/v2\/types\/post"}],"author":[{"embeddable":true,"href":"https:\/\/radiostudiow.com.br\/site\/wp-json\/wp\/v2\/users\/2"}],"replies":[{"embeddable":true,"href":"https:\/\/radiostudiow.com.br\/site\/wp-json\/wp\/v2\/comments?post=1112"}],"version-history":[{"count":1,"href":"https:\/\/radiostudiow.com.br\/site\/wp-json\/wp\/v2\/posts\/1112\/revisions"}],"predecessor-version":[{"id":1113,"href":"https:\/\/radiostudiow.com.br\/site\/wp-json\/wp\/v2\/posts\/1112\/revisions\/1113"}],"wp:attachment":[{"href":"https:\/\/radiostudiow.com.br\/site\/wp-json\/wp\/v2\/media?parent=1112"}],"wp:term":[{"taxonomy":"category","embeddable":true,"href":"https:\/\/radiostudiow.com.br\/site\/wp-json\/wp\/v2\/categories?post=1112"},{"taxonomy":"post_tag","embeddable":true,"href":"https:\/\/radiostudiow.com.br\/site\/wp-json\/wp\/v2\/tags?post=1112"}],"curies":[{"name":"wp","href":"https:\/\/api.w.org\/{rel}","templated":true}]}}