{"id":11151,"date":"2023-02-08T10:48:18","date_gmt":"2023-02-08T13:48:18","guid":{"rendered":"https:\/\/radiostudiow.com.br\/site\/?p=11151"},"modified":"2025-01-31T15:09:39","modified_gmt":"2025-01-31T18:09:39","slug":"homem-morre-apos-colidir-em-uma-carreta-em-sao-mateus-do-sul","status":"publish","type":"post","link":"https:\/\/radiostudiow.com.br\/site\/2023\/02\/08\/homem-morre-apos-colidir-em-uma-carreta-em-sao-mateus-do-sul\/","title":{"rendered":"HOMEM MORRE AP\u00d3S COLIDIR EM UMA CARRETA EM S\u00c3O MATEUS DO SUL"},"content":{"rendered":"\n<p>O Corpo de Bombeiros foi acionado por volta das 22:00 horas para atendimento a um grave acidente de tr\u00e2nsito na BR-476, km 286, na Rodovia do Xisto na noite de ter\u00e7a-feira (7).<\/p>\n\n\n\n<figure class=\"wp-block-image size-full\"><img decoding=\"async\" src=\"https:\/\/radiostudiow.com.br\/site\/wp-content\/uploads\/2022\/11\/image-7.png\" alt=\"\" class=\"wp-image-9553\"\/><\/figure>\n\n\n\n<p><br>O acidente envolveu um ve\u00edculo Ford Fiesta com placas de S\u00e3o Mateus do Sul e uma carreta Scania com placas da cidade de Ouro, estado de Santa Catarina, no qual se colidiram frontalmente, o motorista do carro acabou falecendo. <\/p>\n\n\n\n<p>Chegando no local, os bombeiros precisaram fechar a rodovia com o caminh\u00e3o, ambul\u00e2ncia e carro de busca e salvamento, pois a Pol\u00edcia Rodovi\u00e1ria Federal (PRF) ainda n\u00e3o estava no local. Vale ressaltar que desde dezembro de 2022 a PRF est\u00e1 com o posto desativado em S\u00e3o Mateus do Sul, e dessa forma a agilidade aos atendimentos foi prejudicada.<\/p>\n\n\n\n<p>Ao constatar a situa\u00e7\u00e3o da v\u00edtima do autom\u00f3vel foi solicitado a ambul\u00e2ncia Alfa do SAMU com m\u00e9dico no local. O motorista estava preso \u00e0s ferragens e encontrava-se inconsciente. De acordo com os bombeiros, ele estava com o cinto de seguran\u00e7a e com os membros inferiores presos nas ferragens do ve\u00edculo.<\/p>\n\n\n\n<figure class=\"wp-block-image size-full\"><img decoding=\"async\" src=\"https:\/\/radiostudiow.com.br\/site\/wp-content\/uploads\/2023\/01\/image-1.png\" alt=\"\" class=\"wp-image-10435\"\/><\/figure>\n\n\n\n<p><br><em>\u201cHavia ferimento corte contuso em face, lacera\u00e7\u00e3o em membros superiores e inferiores, al\u00e9m de suspeita de fratura em t\u00f3rax e membros inferiores. A v\u00edtima teve o primeiro atendimento pelas guarni\u00e7\u00f5es, sendo repassada ao m\u00e9dico do SAMU ap\u00f3s desencarceramento, para atendimento e transporte at\u00e9 o Pronto Atendimento Municipal\u201d, <\/em>descreveu a equipe.<\/p>\n\n\n\n<p>Por conta da gravidades dos ferimentos a v\u00edtima, identificado como Roberto de Lara foi transferido para Uni\u00e3o da Vit\u00f3ria, por\u00e9m, n\u00e3o resistiu aos ferimentos. O motorista do caminh\u00e3o n\u00e3o se feriu e recusou atendimento.<\/p>\n\n\n\n<p><em>As causas do acidente ser\u00e3o apuradas pela PRF.<\/em><\/p>\n","protected":false},"excerpt":{"rendered":"<p>O Corpo de Bombeiros foi acionado por volta das 22:00 horas para atendimento a um grave acidente de tr\u00e2nsito na BR-476, km 286, na Rodovia do Xisto na noite de ter\u00e7a-feira (7). O acidente envolveu um ve\u00edculo Ford Fiesta com placas de S\u00e3o Mateus do Sul e uma carreta Scania com placas da cidade de [&hellip;]<\/p>\n","protected":false},"author":2,"featured_media":11152,"comment_status":"open","ping_status":"open","sticky":false,"template":"","format":"standard","meta":{"footnotes":""},"categories":[2],"tags":[172],"class_list":["post-11151","post","type-post","status-publish","format-standard","has-post-thumbnail","hentry","category-policial","tag-featured"],"amp_enabled":true,"_links":{"self":[{"href":"https:\/\/radiostudiow.com.br\/site\/wp-json\/wp\/v2\/posts\/11151","targetHints":{"allow":["GET"]}}],"collection":[{"href":"https:\/\/radiostudiow.com.br\/site\/wp-json\/wp\/v2\/posts"}],"about":[{"href":"https:\/\/radiostudiow.com.br\/site\/wp-json\/wp\/v2\/types\/post"}],"author":[{"embeddable":true,"href":"https:\/\/radiostudiow.com.br\/site\/wp-json\/wp\/v2\/users\/2"}],"replies":[{"embeddable":true,"href":"https:\/\/radiostudiow.com.br\/site\/wp-json\/wp\/v2\/comments?post=11151"}],"version-history":[{"count":4,"href":"https:\/\/radiostudiow.com.br\/site\/wp-json\/wp\/v2\/posts\/11151\/revisions"}],"predecessor-version":[{"id":11160,"href":"https:\/\/radiostudiow.com.br\/site\/wp-json\/wp\/v2\/posts\/11151\/revisions\/11160"}],"wp:featuredmedia":[{"embeddable":true,"href":"https:\/\/radiostudiow.com.br\/site\/wp-json\/wp\/v2\/media\/11152"}],"wp:attachment":[{"href":"https:\/\/radiostudiow.com.br\/site\/wp-json\/wp\/v2\/media?parent=11151"}],"wp:term":[{"taxonomy":"category","embeddable":true,"href":"https:\/\/radiostudiow.com.br\/site\/wp-json\/wp\/v2\/categories?post=11151"},{"taxonomy":"post_tag","embeddable":true,"href":"https:\/\/radiostudiow.com.br\/site\/wp-json\/wp\/v2\/tags?post=11151"}],"curies":[{"name":"wp","href":"https:\/\/api.w.org\/{rel}","templated":true}]}}