{"id":11154,"date":"2023-02-08T10:55:13","date_gmt":"2023-02-08T13:55:13","guid":{"rendered":"https:\/\/radiostudiow.com.br\/site\/?p=11154"},"modified":"2025-01-31T15:09:39","modified_gmt":"2025-01-31T18:09:39","slug":"autores-de-roubo-em-mercado-de-sao-mateus-do-sul-sao-presos","status":"publish","type":"post","link":"https:\/\/radiostudiow.com.br\/site\/2023\/02\/08\/autores-de-roubo-em-mercado-de-sao-mateus-do-sul-sao-presos\/","title":{"rendered":"AUTORES DE ROUBO EM MERCADO DE S\u00c3O MATEUS DO SUL S\u00c3O PRESOS"},"content":{"rendered":"\n<p>A Pol\u00edcia Militar de S\u00e3o Mateus do Sul foi acionada para atender uma ocorr\u00eancia de roubo em um mercado na Vila Palmeirinha durante a tarde dessa ter\u00e7a-feira (7).<br>No local foi entrado em contato com o propriet\u00e1rio que relatou dois indiv\u00edduos teriam adentrado em seu estabelecimento comercial, sendo um loiro e outro moreno, ambos estatura m\u00e9dia.<\/p>\n\n\n\n<figure class=\"wp-block-image size-full\"><img decoding=\"async\" src=\"https:\/\/radiostudiow.com.br\/site\/wp-content\/uploads\/2022\/10\/image-3.png\" alt=\"\" class=\"wp-image-9420\"\/><\/figure>\n\n\n\n<p>Ele informou aos policiais que um dos envolvidos ficou na \u00e1rea da entrada e outro foi at\u00e9 o fundo do mercado. Um deles o abordou e pediu o dinheiro do mercado, e amea\u00e7ou dizendo que levaria o filho da v\u00edtima de 5 anos, se n\u00e3o fosse passado todo dinheiro do estabelecimento.<br>A v\u00edtima foi em dire\u00e7\u00e3o do indiv\u00edduo que saiu para fora do estabelecimento, momento que o outro passou com uma caixa de cerveja marca Skol e tamb\u00e9m saiu, sem efetuar o pagamento. Ambos entraram no ve\u00edculo VW\/Logus de cor vermelha e sa\u00edram em alta velocidade sentido Vila Verde.<br>A v\u00edtima forneceu as imagens, onde \u00e9 poss\u00edvel visualizar a dupla que realizou o roubo. Desta forma, em posse das caracter\u00edsticas a equipe iniciou patrulhamento na tentativa de localiz\u00e1-los, sendo que obteve \u00eaxito na localiza\u00e7\u00e3o de um dos autores, ainda com as mesmas vestes do roubo.<\/p>\n\n\n\n<p>Em ato cont\u00ednuo foi localizado o ve\u00edculo utilizado para a fuga estacionado com o pneu dianteiro esquerdo furado em frente de uma resid\u00eancia na mesma rua. Efetuado abordagem e identificado o propriet\u00e1rio do ve\u00edculo como sendo o segundo autor, tamb\u00e9m com as mesmas vestes das imagens do roubo, sendo que ambos haviam ingerido parte das latas de cerveja, as quais foram localizadas, num total de 6 latas (sendo 5 vazias e 1 lacrada).<\/p>\n\n\n\n<figure class=\"wp-block-image size-full is-resized\"><img loading=\"lazy\" decoding=\"async\" src=\"https:\/\/radiostudiow.com.br\/site\/wp-content\/uploads\/2022\/10\/image-4.png\" alt=\"\" class=\"wp-image-9421\" width=\"598\" height=\"204\"\/><\/figure>\n\n\n\n<p><br>Diante dos fatos foi dado voz de pris\u00e3o para ambos, que confirmaram que haviam efetuado o roubo. Eles foram levados at\u00e9 a delegacia de S\u00e3o Mateus do Sul.<\/p>\n","protected":false},"excerpt":{"rendered":"<p>A Pol\u00edcia Militar de S\u00e3o Mateus do Sul foi acionada para atender uma ocorr\u00eancia de roubo em um mercado na Vila Palmeirinha durante a tarde dessa ter\u00e7a-feira (7).No local foi entrado em contato com o propriet\u00e1rio que relatou dois indiv\u00edduos teriam adentrado em seu estabelecimento comercial, sendo um loiro e outro moreno, ambos estatura m\u00e9dia. [&hellip;]<\/p>\n","protected":false},"author":2,"featured_media":9634,"comment_status":"open","ping_status":"open","sticky":false,"template":"","format":"standard","meta":{"footnotes":""},"categories":[2],"tags":[172],"class_list":["post-11154","post","type-post","status-publish","format-standard","has-post-thumbnail","hentry","category-policial","tag-featured"],"amp_enabled":true,"_links":{"self":[{"href":"https:\/\/radiostudiow.com.br\/site\/wp-json\/wp\/v2\/posts\/11154","targetHints":{"allow":["GET"]}}],"collection":[{"href":"https:\/\/radiostudiow.com.br\/site\/wp-json\/wp\/v2\/posts"}],"about":[{"href":"https:\/\/radiostudiow.com.br\/site\/wp-json\/wp\/v2\/types\/post"}],"author":[{"embeddable":true,"href":"https:\/\/radiostudiow.com.br\/site\/wp-json\/wp\/v2\/users\/2"}],"replies":[{"embeddable":true,"href":"https:\/\/radiostudiow.com.br\/site\/wp-json\/wp\/v2\/comments?post=11154"}],"version-history":[{"count":1,"href":"https:\/\/radiostudiow.com.br\/site\/wp-json\/wp\/v2\/posts\/11154\/revisions"}],"predecessor-version":[{"id":11155,"href":"https:\/\/radiostudiow.com.br\/site\/wp-json\/wp\/v2\/posts\/11154\/revisions\/11155"}],"wp:featuredmedia":[{"embeddable":true,"href":"https:\/\/radiostudiow.com.br\/site\/wp-json\/wp\/v2\/media\/9634"}],"wp:attachment":[{"href":"https:\/\/radiostudiow.com.br\/site\/wp-json\/wp\/v2\/media?parent=11154"}],"wp:term":[{"taxonomy":"category","embeddable":true,"href":"https:\/\/radiostudiow.com.br\/site\/wp-json\/wp\/v2\/categories?post=11154"},{"taxonomy":"post_tag","embeddable":true,"href":"https:\/\/radiostudiow.com.br\/site\/wp-json\/wp\/v2\/tags?post=11154"}],"curies":[{"name":"wp","href":"https:\/\/api.w.org\/{rel}","templated":true}]}}