{"id":11161,"date":"2023-02-08T11:50:55","date_gmt":"2023-02-08T14:50:55","guid":{"rendered":"https:\/\/radiostudiow.com.br\/site\/?p=11161"},"modified":"2025-01-31T15:09:39","modified_gmt":"2025-01-31T18:09:39","slug":"jovem-de-26-anos-morre-em-colisao-entre-motocicleta-e-onibus-escolar","status":"publish","type":"post","link":"https:\/\/radiostudiow.com.br\/site\/2023\/02\/08\/jovem-de-26-anos-morre-em-colisao-entre-motocicleta-e-onibus-escolar\/","title":{"rendered":"JOVEM DE 26 ANOS MORRE EM COLIS\u00c3O ENTRE MOTOCICLETA E \u00d4NIBUS ESCOLAR"},"content":{"rendered":"\n<p>Uma jovem faleceu v\u00edtima de um grave acidente de tr\u00e2nsito na cidade de Terra Boa, no norte de Paran\u00e1, na manh\u00e3 da \u00faltima ter\u00e7a-feira (7).<br>A v\u00edtima identificada como Taina Perussi, 26 anos, estava pilotando uma motocicleta e levava o filho na garupa, quando colidiu violentamente contra o ve\u00edculo escolar. Com o impacto da colis\u00e3o, a motociclista foi parar em baixo do \u00f4nibus.<\/p>\n\n\n\n<figure class=\"wp-block-image size-full\"><img decoding=\"async\" src=\"https:\/\/radiostudiow.com.br\/site\/wp-content\/uploads\/2022\/10\/image-2.png\" alt=\"\" class=\"wp-image-9419\"\/><\/figure>\n\n\n\n<p><br>A jovem que sofreu ferimentos graves na regi\u00e3o da cabe\u00e7a chegou a ser socorrida com vida por uma equipe de socorristas do Servi\u00e7o de Atendimento M\u00f3vel de Urg\u00eancia (Samu) e em seguida encaminhada a um hospital de Campo Mour\u00e3o, mas a jovem acabou falecendo momentos depois.<br>O filho de Taina teve ferimentos leves e foi encaminhado a um hospital da cidade. As causas do acidente n\u00e3o foram divulgadas pela Pol\u00edcia Militar (PM).<\/p>\n\n\n\n<p class=\"has-text-color\" style=\"color:#ffffff00\">.<\/p>\n\n\n<div class=\"wp-block-image\">\n<figure class=\"aligncenter size-full\"><img loading=\"lazy\" decoding=\"async\" width=\"1000\" height=\"725\" src=\"https:\/\/radiostudiow.com.br\/site\/wp-content\/uploads\/2023\/02\/acidenteterranova.jpg\" alt=\"\" class=\"wp-image-11166\" srcset=\"https:\/\/radiostudiow.com.br\/site\/wp-content\/uploads\/2023\/02\/acidenteterranova.jpg 1000w, https:\/\/radiostudiow.com.br\/site\/wp-content\/uploads\/2023\/02\/acidenteterranova-300x218.jpg 300w, https:\/\/radiostudiow.com.br\/site\/wp-content\/uploads\/2023\/02\/acidenteterranova-768x557.jpg 768w\" sizes=\"auto, (max-width: 1000px) 100vw, 1000px\" \/><\/figure>\n<\/div>\n\n\n<p>Fonte e Foto: <a href=\"https:\/\/portalrdx.com.br\/\" data-type=\"URL\" data-id=\"https:\/\/portalrdx.com.br\/\">PORTAL RDX <\/a><\/p>\n","protected":false},"excerpt":{"rendered":"<p>Uma jovem faleceu v\u00edtima de um grave acidente de tr\u00e2nsito na cidade de Terra Boa, no norte de Paran\u00e1, na manh\u00e3 da \u00faltima ter\u00e7a-feira (7).A v\u00edtima identificada como Taina Perussi, 26 anos, estava pilotando uma motocicleta e levava o filho na garupa, quando colidiu violentamente contra o ve\u00edculo escolar. Com o impacto da colis\u00e3o, a [&hellip;]<\/p>\n","protected":false},"author":2,"featured_media":11162,"comment_status":"open","ping_status":"open","sticky":false,"template":"","format":"standard","meta":{"footnotes":""},"categories":[2],"tags":[172],"class_list":["post-11161","post","type-post","status-publish","format-standard","has-post-thumbnail","hentry","category-policial","tag-featured"],"amp_enabled":true,"_links":{"self":[{"href":"https:\/\/radiostudiow.com.br\/site\/wp-json\/wp\/v2\/posts\/11161","targetHints":{"allow":["GET"]}}],"collection":[{"href":"https:\/\/radiostudiow.com.br\/site\/wp-json\/wp\/v2\/posts"}],"about":[{"href":"https:\/\/radiostudiow.com.br\/site\/wp-json\/wp\/v2\/types\/post"}],"author":[{"embeddable":true,"href":"https:\/\/radiostudiow.com.br\/site\/wp-json\/wp\/v2\/users\/2"}],"replies":[{"embeddable":true,"href":"https:\/\/radiostudiow.com.br\/site\/wp-json\/wp\/v2\/comments?post=11161"}],"version-history":[{"count":2,"href":"https:\/\/radiostudiow.com.br\/site\/wp-json\/wp\/v2\/posts\/11161\/revisions"}],"predecessor-version":[{"id":11167,"href":"https:\/\/radiostudiow.com.br\/site\/wp-json\/wp\/v2\/posts\/11161\/revisions\/11167"}],"wp:featuredmedia":[{"embeddable":true,"href":"https:\/\/radiostudiow.com.br\/site\/wp-json\/wp\/v2\/media\/11162"}],"wp:attachment":[{"href":"https:\/\/radiostudiow.com.br\/site\/wp-json\/wp\/v2\/media?parent=11161"}],"wp:term":[{"taxonomy":"category","embeddable":true,"href":"https:\/\/radiostudiow.com.br\/site\/wp-json\/wp\/v2\/categories?post=11161"},{"taxonomy":"post_tag","embeddable":true,"href":"https:\/\/radiostudiow.com.br\/site\/wp-json\/wp\/v2\/tags?post=11161"}],"curies":[{"name":"wp","href":"https:\/\/api.w.org\/{rel}","templated":true}]}}