{"id":11168,"date":"2023-02-08T18:10:55","date_gmt":"2023-02-08T21:10:55","guid":{"rendered":"https:\/\/radiostudiow.com.br\/site\/?p=11168"},"modified":"2025-01-31T15:09:39","modified_gmt":"2025-01-31T18:09:39","slug":"morre-o-vice-prefeito-de-paula-freitas-alcides-brito-aos-47-anos","status":"publish","type":"post","link":"https:\/\/radiostudiow.com.br\/site\/2023\/02\/08\/morre-o-vice-prefeito-de-paula-freitas-alcides-brito-aos-47-anos\/","title":{"rendered":"MORRE O VICE-PREFEITO DE PAULA FREITAS, ALCIDES BRITO AOS 47 ANOS"},"content":{"rendered":"\n<p>O vice-prefeito de Paula Freitas, Alcides Aparecido Brito aos 47 anos, faleceu na tarde dessa quarta-feira, 08 de fevereiro de 2023.<\/p>\n\n\n\n<figure class=\"wp-block-image size-full\"><img decoding=\"async\" src=\"https:\/\/radiostudiow.com.br\/site\/wp-content\/uploads\/2023\/01\/image-2.png\" alt=\"\" class=\"wp-image-10436\"\/><\/figure>\n\n\n\n<p><br>De acordo com informa\u00e7\u00f5es, Brito sofreu um mal s\u00fabito enquanto trabalhava em sua propriedade. Ele foi levado inconsciente at\u00e9 uma unidade de sa\u00fade do munic\u00edpio mas n\u00e3o conseguiu ser reanimado.<br>Brito era filiado ao Partido Democr\u00e1tico Trabalhista (PDT), e foi vereador de Paula Freitas entre os anos de 2012 a 2020 e era atual vice-prefeito.<br>O prefeito de Paula Freitas, Sebasti\u00e3o Algacir Dalpra, lamentou a morte de seu companheiro de administra\u00e7\u00e3o e informou que a prefeitura ir\u00e1 decretar tr\u00eas dias de luto e dever\u00e1 se pronunciar em breve.<\/p>\n\n\n\n<figure class=\"wp-block-image size-full\"><img decoding=\"async\" src=\"https:\/\/radiostudiow.com.br\/site\/wp-content\/uploads\/2023\/01\/image-1.png\" alt=\"\" class=\"wp-image-10435\"\/><\/figure>\n","protected":false},"excerpt":{"rendered":"<p>O vice-prefeito de Paula Freitas, Alcides Aparecido Brito aos 47 anos, faleceu na tarde dessa quarta-feira, 08 de fevereiro de 2023. De acordo com informa\u00e7\u00f5es, Brito sofreu um mal s\u00fabito enquanto trabalhava em sua propriedade. Ele foi levado inconsciente at\u00e9 uma unidade de sa\u00fade do munic\u00edpio mas n\u00e3o conseguiu ser reanimado.Brito era filiado ao Partido [&hellip;]<\/p>\n","protected":false},"author":2,"featured_media":11169,"comment_status":"open","ping_status":"open","sticky":false,"template":"","format":"standard","meta":{"footnotes":""},"categories":[185],"tags":[172],"class_list":["post-11168","post","type-post","status-publish","format-standard","has-post-thumbnail","hentry","category-regional","tag-featured"],"amp_enabled":true,"_links":{"self":[{"href":"https:\/\/radiostudiow.com.br\/site\/wp-json\/wp\/v2\/posts\/11168","targetHints":{"allow":["GET"]}}],"collection":[{"href":"https:\/\/radiostudiow.com.br\/site\/wp-json\/wp\/v2\/posts"}],"about":[{"href":"https:\/\/radiostudiow.com.br\/site\/wp-json\/wp\/v2\/types\/post"}],"author":[{"embeddable":true,"href":"https:\/\/radiostudiow.com.br\/site\/wp-json\/wp\/v2\/users\/2"}],"replies":[{"embeddable":true,"href":"https:\/\/radiostudiow.com.br\/site\/wp-json\/wp\/v2\/comments?post=11168"}],"version-history":[{"count":1,"href":"https:\/\/radiostudiow.com.br\/site\/wp-json\/wp\/v2\/posts\/11168\/revisions"}],"predecessor-version":[{"id":11170,"href":"https:\/\/radiostudiow.com.br\/site\/wp-json\/wp\/v2\/posts\/11168\/revisions\/11170"}],"wp:featuredmedia":[{"embeddable":true,"href":"https:\/\/radiostudiow.com.br\/site\/wp-json\/wp\/v2\/media\/11169"}],"wp:attachment":[{"href":"https:\/\/radiostudiow.com.br\/site\/wp-json\/wp\/v2\/media?parent=11168"}],"wp:term":[{"taxonomy":"category","embeddable":true,"href":"https:\/\/radiostudiow.com.br\/site\/wp-json\/wp\/v2\/categories?post=11168"},{"taxonomy":"post_tag","embeddable":true,"href":"https:\/\/radiostudiow.com.br\/site\/wp-json\/wp\/v2\/tags?post=11168"}],"curies":[{"name":"wp","href":"https:\/\/api.w.org\/{rel}","templated":true}]}}