{"id":11189,"date":"2023-02-09T10:23:07","date_gmt":"2023-02-09T13:23:07","guid":{"rendered":"https:\/\/radiostudiow.com.br\/site\/?p=11189"},"modified":"2025-01-31T15:09:38","modified_gmt":"2025-01-31T18:09:38","slug":"homem-coloca-fogo-em-plantacao-na-propriedade-do-vizinho","status":"publish","type":"post","link":"https:\/\/radiostudiow.com.br\/site\/2023\/02\/09\/homem-coloca-fogo-em-plantacao-na-propriedade-do-vizinho\/","title":{"rendered":"HOMEM COLOCA FOGO EM PLANTA\u00c7\u00c3O NA PROPRIEDADE DO VIZINHO"},"content":{"rendered":"\n<p>Um homem compareceu ao Pelot\u00e3o da Pol\u00edcia Militar de Bituruna relatando uma situa\u00e7\u00e3o de danos em sua planta\u00e7\u00e3o. O caso foi registrado por volta das 17:00 horas dessa quarta-feira, 08 de fevereiro, na \u00e1rea rural.<\/p>\n\n\n\n<figure class=\"wp-block-image size-large\"><img decoding=\"async\" src=\"https:\/\/radiostudiow.com.br\/site\/wp-content\/uploads\/2023\/01\/image-3-1024x392.png\" alt=\"\" class=\"wp-image-10452\"\/><\/figure>\n\n\n\n<p><br>De acordo com o solicitante, ele possui uma planta\u00e7\u00e3o de erva mate em sua propriedade e na ter\u00e7a-feira, 07 de fevereiro, seu vizinho ateou fogo em p\u00e9s de eucaliptos que estavam pr\u00f3ximos a divisa do terno dele.<br>A v\u00edtima ainda relatou que o autor ateou fogo no local e foi embora, sem um controle da a\u00e7\u00e3o, fogo se alastrou para seu plantio de erva mate e destruiu cerca de 200 p\u00e9s de erva.<br>Diante dos fatos o solicitante foi devidamente orientado quanto aos procedimentos cab\u00edveis.<\/p>\n","protected":false},"excerpt":{"rendered":"<p>Um homem compareceu ao Pelot\u00e3o da Pol\u00edcia Militar de Bituruna relatando uma situa\u00e7\u00e3o de danos em sua planta\u00e7\u00e3o. O caso foi registrado por volta das 17:00 horas dessa quarta-feira, 08 de fevereiro, na \u00e1rea rural. De acordo com o solicitante, ele possui uma planta\u00e7\u00e3o de erva mate em sua propriedade e na ter\u00e7a-feira, 07 de [&hellip;]<\/p>\n","protected":false},"author":2,"featured_media":0,"comment_status":"open","ping_status":"open","sticky":false,"template":"","format":"standard","meta":{"footnotes":""},"categories":[2],"tags":[172],"class_list":["post-11189","post","type-post","status-publish","format-standard","hentry","category-policial","tag-featured"],"amp_enabled":true,"_links":{"self":[{"href":"https:\/\/radiostudiow.com.br\/site\/wp-json\/wp\/v2\/posts\/11189","targetHints":{"allow":["GET"]}}],"collection":[{"href":"https:\/\/radiostudiow.com.br\/site\/wp-json\/wp\/v2\/posts"}],"about":[{"href":"https:\/\/radiostudiow.com.br\/site\/wp-json\/wp\/v2\/types\/post"}],"author":[{"embeddable":true,"href":"https:\/\/radiostudiow.com.br\/site\/wp-json\/wp\/v2\/users\/2"}],"replies":[{"embeddable":true,"href":"https:\/\/radiostudiow.com.br\/site\/wp-json\/wp\/v2\/comments?post=11189"}],"version-history":[{"count":1,"href":"https:\/\/radiostudiow.com.br\/site\/wp-json\/wp\/v2\/posts\/11189\/revisions"}],"predecessor-version":[{"id":11190,"href":"https:\/\/radiostudiow.com.br\/site\/wp-json\/wp\/v2\/posts\/11189\/revisions\/11190"}],"wp:attachment":[{"href":"https:\/\/radiostudiow.com.br\/site\/wp-json\/wp\/v2\/media?parent=11189"}],"wp:term":[{"taxonomy":"category","embeddable":true,"href":"https:\/\/radiostudiow.com.br\/site\/wp-json\/wp\/v2\/categories?post=11189"},{"taxonomy":"post_tag","embeddable":true,"href":"https:\/\/radiostudiow.com.br\/site\/wp-json\/wp\/v2\/tags?post=11189"}],"curies":[{"name":"wp","href":"https:\/\/api.w.org\/{rel}","templated":true}]}}