{"id":11198,"date":"2023-02-09T11:40:19","date_gmt":"2023-02-09T14:40:19","guid":{"rendered":"https:\/\/radiostudiow.com.br\/site\/?p=11198"},"modified":"2025-01-31T15:09:38","modified_gmt":"2025-01-31T18:09:38","slug":"hilux-furtada-em-sao-mateus-do-sul-e-recuperada-pela-pm-em-campo-largo","status":"publish","type":"post","link":"https:\/\/radiostudiow.com.br\/site\/2023\/02\/09\/hilux-furtada-em-sao-mateus-do-sul-e-recuperada-pela-pm-em-campo-largo\/","title":{"rendered":"HILUX FURTADA EM S\u00c3O MATEUS DO SUL \u00c9 RECUPERADA PELA PM EM CAMPO LARGO"},"content":{"rendered":"\n<p>A Toyota\/Hilux&nbsp;que havia sido furtada em S\u00e3o Mateus do Sul na noite desta quarta-feira, 08 de fevereiro, foi recuperada pela Pol\u00edcia Militar em Campo Largo, na Regi\u00e3o Metropolitana de Curitiba.<\/p>\n\n\n\n<figure class=\"wp-block-image size-full\"><img decoding=\"async\" src=\"https:\/\/radiostudiow.com.br\/site\/wp-content\/uploads\/2022\/10\/image-3.png\" alt=\"\" class=\"wp-image-9420\"\/><\/figure>\n\n\n\n<p>O ve\u00edculo estava estacionado na Rua Paulino Vaz da Silva, quando dois homens chegaram no local e fugiram sentido Curitiba. Diante disso, a situa\u00e7\u00e3o foi repassada \u00e0s equipes policiais da regi\u00e3o, onde durante a madrugada desta quinta-feira (9), foi localizada na cidade de Campo Largo o ve\u00edculo foi abordado e o condutor preso por recepta\u00e7\u00e3o.<\/p>\n\n\n\n<p>Ainda segundo a PM, a placa original foi retirada e os autores colocaram uma placa adulterada para despistar os policiais. Mesmo assim, a equipe conseguiu abordar o ve\u00edculo e recuper\u00e1-la.<\/p>\n\n\n\n<figure class=\"wp-block-image size-full\"><img loading=\"lazy\" decoding=\"async\" width=\"768\" height=\"1024\" src=\"https:\/\/radiostudiow.com.br\/site\/wp-content\/uploads\/2023\/02\/IMG-20230209-WA0004-768x1024-1.jpg\" alt=\"\" class=\"wp-image-11199\" srcset=\"https:\/\/radiostudiow.com.br\/site\/wp-content\/uploads\/2023\/02\/IMG-20230209-WA0004-768x1024-1.jpg 768w, https:\/\/radiostudiow.com.br\/site\/wp-content\/uploads\/2023\/02\/IMG-20230209-WA0004-768x1024-1-225x300.jpg 225w\" sizes=\"auto, (max-width: 768px) 100vw, 768px\" \/><\/figure>\n\n\n\n<figure class=\"wp-block-image size-full\"><img decoding=\"async\" src=\"https:\/\/radiostudiow.com.br\/site\/wp-content\/uploads\/2022\/07\/image.png\" alt=\"\" class=\"wp-image-8317\"\/><\/figure>\n","protected":false},"excerpt":{"rendered":"<p>A Toyota\/Hilux&nbsp;que havia sido furtada em S\u00e3o Mateus do Sul na noite desta quarta-feira, 08 de fevereiro, foi recuperada pela Pol\u00edcia Militar em Campo Largo, na Regi\u00e3o Metropolitana de Curitiba. O ve\u00edculo estava estacionado na Rua Paulino Vaz da Silva, quando dois homens chegaram no local e fugiram sentido Curitiba. Diante disso, a situa\u00e7\u00e3o foi [&hellip;]<\/p>\n","protected":false},"author":2,"featured_media":11200,"comment_status":"open","ping_status":"open","sticky":false,"template":"","format":"standard","meta":{"footnotes":""},"categories":[2],"tags":[172],"class_list":["post-11198","post","type-post","status-publish","format-standard","has-post-thumbnail","hentry","category-policial","tag-featured"],"amp_enabled":true,"_links":{"self":[{"href":"https:\/\/radiostudiow.com.br\/site\/wp-json\/wp\/v2\/posts\/11198","targetHints":{"allow":["GET"]}}],"collection":[{"href":"https:\/\/radiostudiow.com.br\/site\/wp-json\/wp\/v2\/posts"}],"about":[{"href":"https:\/\/radiostudiow.com.br\/site\/wp-json\/wp\/v2\/types\/post"}],"author":[{"embeddable":true,"href":"https:\/\/radiostudiow.com.br\/site\/wp-json\/wp\/v2\/users\/2"}],"replies":[{"embeddable":true,"href":"https:\/\/radiostudiow.com.br\/site\/wp-json\/wp\/v2\/comments?post=11198"}],"version-history":[{"count":2,"href":"https:\/\/radiostudiow.com.br\/site\/wp-json\/wp\/v2\/posts\/11198\/revisions"}],"predecessor-version":[{"id":11204,"href":"https:\/\/radiostudiow.com.br\/site\/wp-json\/wp\/v2\/posts\/11198\/revisions\/11204"}],"wp:featuredmedia":[{"embeddable":true,"href":"https:\/\/radiostudiow.com.br\/site\/wp-json\/wp\/v2\/media\/11200"}],"wp:attachment":[{"href":"https:\/\/radiostudiow.com.br\/site\/wp-json\/wp\/v2\/media?parent=11198"}],"wp:term":[{"taxonomy":"category","embeddable":true,"href":"https:\/\/radiostudiow.com.br\/site\/wp-json\/wp\/v2\/categories?post=11198"},{"taxonomy":"post_tag","embeddable":true,"href":"https:\/\/radiostudiow.com.br\/site\/wp-json\/wp\/v2\/tags?post=11198"}],"curies":[{"name":"wp","href":"https:\/\/api.w.org\/{rel}","templated":true}]}}