{"id":11205,"date":"2023-02-09T18:55:42","date_gmt":"2023-02-09T21:55:42","guid":{"rendered":"https:\/\/radiostudiow.com.br\/site\/?p=11205"},"modified":"2025-01-31T15:09:38","modified_gmt":"2025-01-31T18:09:38","slug":"colisao-entre-motocicleta-e-carro-deixa-um-ferido-em-sao-mateus-do-sul","status":"publish","type":"post","link":"https:\/\/radiostudiow.com.br\/site\/2023\/02\/09\/colisao-entre-motocicleta-e-carro-deixa-um-ferido-em-sao-mateus-do-sul\/","title":{"rendered":"COLIS\u00c3O ENTRE MOTOCICLETA E CARRO DEIXA UM FERIDO EM S\u00c3O MATEUS DO SUL"},"content":{"rendered":"\n<p>A equipe do Corpo de Bombeiros e SAMU foram acionados para atender um acidente transito que ocorreu nessa quinta-feira, 09 de fevereiro, em S\u00e3o Mateus do Sul.<\/p>\n\n\n\n<p><br>No local o jovem, que trabalha como motoboy, foi atendido com diversas escoria\u00e7\u00f5es nas pernas, face e bra\u00e7o. Segundo os bombeiros, ele estava consciente e tamb\u00e9m apresentava trauma em cr\u00e2nio e lacera\u00e7\u00e3o no joelho.<\/p>\n\n\n\n<figure class=\"wp-block-image size-full\"><img decoding=\"async\" src=\"https:\/\/radiostudiow.com.br\/site\/wp-content\/uploads\/2022\/10\/image-1.png\" alt=\"\" class=\"wp-image-9418\"\/><\/figure>\n\n\n\n<p><br>O motociclista foi encaminhado ao Pronto Atendimento Municipal (PA) de S\u00e3o Mateus do Sul. A condutora do ve\u00edculo tamb\u00e9m foi levada ao PA por apresentar nervosismo.<br>De acordo com o Clic Sul News, estiveram no local o filho e esposo da condutora do carro os quais deram todo apoio e acionaram o seguro para auxiliar o motoboy.<\/p>\n\n\n\n<p><br>No local as equipes de socorristas constataram que um motociclista de 22 anos acabou colidindo contra um ve\u00edculo Cruze na BR-476, pr\u00f3ximo ao Mariano Atacadista, Vila Amaral. A situa\u00e7\u00e3o ocorreu por volta das 15:;30 horas.<\/p>\n\n\n\n<figure class=\"wp-block-image size-full\"><img decoding=\"async\" src=\"https:\/\/radiostudiow.com.br\/site\/wp-content\/uploads\/2022\/07\/image.png\" alt=\"\" class=\"wp-image-8317\"\/><\/figure>\n","protected":false},"excerpt":{"rendered":"<p>A equipe do Corpo de Bombeiros e SAMU foram acionados para atender um acidente transito que ocorreu nessa quinta-feira, 09 de fevereiro, em S\u00e3o Mateus do Sul. No local o jovem, que trabalha como motoboy, foi atendido com diversas escoria\u00e7\u00f5es nas pernas, face e bra\u00e7o. Segundo os bombeiros, ele estava consciente e tamb\u00e9m apresentava trauma [&hellip;]<\/p>\n","protected":false},"author":2,"featured_media":11206,"comment_status":"open","ping_status":"open","sticky":false,"template":"","format":"standard","meta":{"footnotes":""},"categories":[2],"tags":[172],"class_list":["post-11205","post","type-post","status-publish","format-standard","has-post-thumbnail","hentry","category-policial","tag-featured"],"amp_enabled":true,"_links":{"self":[{"href":"https:\/\/radiostudiow.com.br\/site\/wp-json\/wp\/v2\/posts\/11205","targetHints":{"allow":["GET"]}}],"collection":[{"href":"https:\/\/radiostudiow.com.br\/site\/wp-json\/wp\/v2\/posts"}],"about":[{"href":"https:\/\/radiostudiow.com.br\/site\/wp-json\/wp\/v2\/types\/post"}],"author":[{"embeddable":true,"href":"https:\/\/radiostudiow.com.br\/site\/wp-json\/wp\/v2\/users\/2"}],"replies":[{"embeddable":true,"href":"https:\/\/radiostudiow.com.br\/site\/wp-json\/wp\/v2\/comments?post=11205"}],"version-history":[{"count":1,"href":"https:\/\/radiostudiow.com.br\/site\/wp-json\/wp\/v2\/posts\/11205\/revisions"}],"predecessor-version":[{"id":11207,"href":"https:\/\/radiostudiow.com.br\/site\/wp-json\/wp\/v2\/posts\/11205\/revisions\/11207"}],"wp:featuredmedia":[{"embeddable":true,"href":"https:\/\/radiostudiow.com.br\/site\/wp-json\/wp\/v2\/media\/11206"}],"wp:attachment":[{"href":"https:\/\/radiostudiow.com.br\/site\/wp-json\/wp\/v2\/media?parent=11205"}],"wp:term":[{"taxonomy":"category","embeddable":true,"href":"https:\/\/radiostudiow.com.br\/site\/wp-json\/wp\/v2\/categories?post=11205"},{"taxonomy":"post_tag","embeddable":true,"href":"https:\/\/radiostudiow.com.br\/site\/wp-json\/wp\/v2\/tags?post=11205"}],"curies":[{"name":"wp","href":"https:\/\/api.w.org\/{rel}","templated":true}]}}