{"id":11219,"date":"2023-02-10T10:59:00","date_gmt":"2023-02-10T13:59:00","guid":{"rendered":"https:\/\/radiostudiow.com.br\/site\/?p=11219"},"modified":"2025-01-31T15:09:38","modified_gmt":"2025-01-31T18:09:38","slug":"pm-de-mallet-prende-homem-com-mandado-de-prisao-em-aberto-2","status":"publish","type":"post","link":"https:\/\/radiostudiow.com.br\/site\/2023\/02\/10\/pm-de-mallet-prende-homem-com-mandado-de-prisao-em-aberto-2\/","title":{"rendered":"PM DE MALLET PRENDE HOMEM COM MANDADO DE PRIS\u00c3O EM ABERTO"},"content":{"rendered":"\n<figure class=\"wp-block-image size-large\"><img decoding=\"async\" src=\"https:\/\/radiostudiow.com.br\/site\/wp-content\/uploads\/2023\/01\/image-3-1024x392.png\" alt=\"\" class=\"wp-image-10452\"\/><\/figure>\n\n\n\n<p>A equipe da Pol\u00edcia Militar de Mallet deu fiel cumprimento a um mandado de pris\u00e3o em desfavor de um homem no in\u00edcio da tarde dessa quinta-feira (09).<br>Os policiais se deslocaram at\u00e9 uma resid\u00eancia no bairro S\u00e3o Pedro por volta das 12:50 horas ap\u00f3s um Mandado de pris\u00e3o expedido pela Vara de Execu\u00e7\u00e3o em meio fechado e semiaberto de Guarapuava.<br>O autor foi preso e encaminhado ao DEPEN de Uni\u00e3o da Vit\u00f3ria.<\/p>\n","protected":false},"excerpt":{"rendered":"<p>A equipe da Pol\u00edcia Militar de Mallet deu fiel cumprimento a um mandado de pris\u00e3o em desfavor de um homem no in\u00edcio da tarde dessa quinta-feira (09).Os policiais se deslocaram at\u00e9 uma resid\u00eancia no bairro S\u00e3o Pedro por volta das 12:50 horas ap\u00f3s um Mandado de pris\u00e3o expedido pela Vara de Execu\u00e7\u00e3o em meio fechado [&hellip;]<\/p>\n","protected":false},"author":2,"featured_media":8143,"comment_status":"open","ping_status":"open","sticky":false,"template":"","format":"standard","meta":{"footnotes":""},"categories":[2],"tags":[172],"class_list":["post-11219","post","type-post","status-publish","format-standard","has-post-thumbnail","hentry","category-policial","tag-featured"],"amp_enabled":true,"_links":{"self":[{"href":"https:\/\/radiostudiow.com.br\/site\/wp-json\/wp\/v2\/posts\/11219","targetHints":{"allow":["GET"]}}],"collection":[{"href":"https:\/\/radiostudiow.com.br\/site\/wp-json\/wp\/v2\/posts"}],"about":[{"href":"https:\/\/radiostudiow.com.br\/site\/wp-json\/wp\/v2\/types\/post"}],"author":[{"embeddable":true,"href":"https:\/\/radiostudiow.com.br\/site\/wp-json\/wp\/v2\/users\/2"}],"replies":[{"embeddable":true,"href":"https:\/\/radiostudiow.com.br\/site\/wp-json\/wp\/v2\/comments?post=11219"}],"version-history":[{"count":1,"href":"https:\/\/radiostudiow.com.br\/site\/wp-json\/wp\/v2\/posts\/11219\/revisions"}],"predecessor-version":[{"id":11220,"href":"https:\/\/radiostudiow.com.br\/site\/wp-json\/wp\/v2\/posts\/11219\/revisions\/11220"}],"wp:featuredmedia":[{"embeddable":true,"href":"https:\/\/radiostudiow.com.br\/site\/wp-json\/wp\/v2\/media\/8143"}],"wp:attachment":[{"href":"https:\/\/radiostudiow.com.br\/site\/wp-json\/wp\/v2\/media?parent=11219"}],"wp:term":[{"taxonomy":"category","embeddable":true,"href":"https:\/\/radiostudiow.com.br\/site\/wp-json\/wp\/v2\/categories?post=11219"},{"taxonomy":"post_tag","embeddable":true,"href":"https:\/\/radiostudiow.com.br\/site\/wp-json\/wp\/v2\/tags?post=11219"}],"curies":[{"name":"wp","href":"https:\/\/api.w.org\/{rel}","templated":true}]}}