{"id":11238,"date":"2023-02-10T20:52:13","date_gmt":"2023-02-10T23:52:13","guid":{"rendered":"https:\/\/radiostudiow.com.br\/site\/?p=11238"},"modified":"2025-01-31T15:09:38","modified_gmt":"2025-01-31T18:09:38","slug":"filha-suspeita-de-matar-a-mae-a-facadas-nos-campos-gerais-do-pr-e-presa-em-curitiba","status":"publish","type":"post","link":"https:\/\/radiostudiow.com.br\/site\/2023\/02\/10\/filha-suspeita-de-matar-a-mae-a-facadas-nos-campos-gerais-do-pr-e-presa-em-curitiba\/","title":{"rendered":"Filha suspeita de matar a m\u00e3e a facadas nos Campos Gerais do PR \u00e9 presa em Curitiba"},"content":{"rendered":"\n<p>A jovem suspeita de matar a m\u00e3e, Doraci Kanayama, foi presa na Unidade de Pronto Atendimento (UPA) Campo Comprido, em Curitiba, na manh\u00e3 desta sexta-feira (10).<\/p>\n\n\n\n<figure class=\"wp-block-image size-large\"><img decoding=\"async\" src=\"https:\/\/radiostudiow.com.br\/site\/wp-content\/uploads\/2023\/01\/capa-1024x384.jpg\" alt=\"\" class=\"wp-image-10696\"\/><\/figure>\n\n\n\n<p>A mulher, de 26 anos, estava sendo procurada pela Pol\u00edcia Civil desde esta quinta-feira, 09 de fevereiro, e foi reconhecida por um funcion\u00e1rio da unidade, que acionou a Guarda Municipal da capital. A suspeita foi detida menos de 24 horas ap\u00f3s o crime.<\/p>\n\n\n\n<p>Os familiares da jovem contaram \u00e0 Pol\u00edcia Militar que ela tinha sintomas de persegui\u00e7\u00e3o e paranoia, e estava tomando medicamentos para controlar surtos psic\u00f3ticos. Ainda, ela teria ido at\u00e9 uma farm\u00e1cia no dia do crime para aplica\u00e7\u00e3o de um rem\u00e9dio.<\/p>\n\n\n\n<p>De acordo com o relato de um filho da v\u00edtima, irm\u00e3o da suspeita, a m\u00e3e ligou para ele pedindo por socorro na noite desta quinta-feira, 09 de fevereiro. No entanto, quando chegou ao local, encontrou as duas mulheres trancadas em um quarto da casa. O rapaz arrombou a porta e se deparou com a irm\u00e3 com uma faca e a m\u00e3e morta. A jovem conseguiu fugir pulando um muro.<\/p>\n\n\n\n<figure class=\"wp-block-image size-full\"><img decoding=\"async\" src=\"https:\/\/radiostudiow.com.br\/site\/wp-content\/uploads\/2022\/12\/800.gif\" alt=\"\" class=\"wp-image-10336\"\/><\/figure>\n","protected":false},"excerpt":{"rendered":"<p>A jovem suspeita de matar a m\u00e3e, Doraci Kanayama, foi presa na Unidade de Pronto Atendimento (UPA) Campo Comprido, em Curitiba, na manh\u00e3 desta sexta-feira (10). A mulher, de 26 anos, estava sendo procurada pela Pol\u00edcia Civil desde esta quinta-feira, 09 de fevereiro, e foi reconhecida por um funcion\u00e1rio da unidade, que acionou a Guarda [&hellip;]<\/p>\n","protected":false},"author":2,"featured_media":11239,"comment_status":"open","ping_status":"open","sticky":false,"template":"","format":"standard","meta":{"footnotes":""},"categories":[2],"tags":[172],"class_list":["post-11238","post","type-post","status-publish","format-standard","has-post-thumbnail","hentry","category-policial","tag-featured"],"amp_enabled":true,"_links":{"self":[{"href":"https:\/\/radiostudiow.com.br\/site\/wp-json\/wp\/v2\/posts\/11238","targetHints":{"allow":["GET"]}}],"collection":[{"href":"https:\/\/radiostudiow.com.br\/site\/wp-json\/wp\/v2\/posts"}],"about":[{"href":"https:\/\/radiostudiow.com.br\/site\/wp-json\/wp\/v2\/types\/post"}],"author":[{"embeddable":true,"href":"https:\/\/radiostudiow.com.br\/site\/wp-json\/wp\/v2\/users\/2"}],"replies":[{"embeddable":true,"href":"https:\/\/radiostudiow.com.br\/site\/wp-json\/wp\/v2\/comments?post=11238"}],"version-history":[{"count":1,"href":"https:\/\/radiostudiow.com.br\/site\/wp-json\/wp\/v2\/posts\/11238\/revisions"}],"predecessor-version":[{"id":11240,"href":"https:\/\/radiostudiow.com.br\/site\/wp-json\/wp\/v2\/posts\/11238\/revisions\/11240"}],"wp:featuredmedia":[{"embeddable":true,"href":"https:\/\/radiostudiow.com.br\/site\/wp-json\/wp\/v2\/media\/11239"}],"wp:attachment":[{"href":"https:\/\/radiostudiow.com.br\/site\/wp-json\/wp\/v2\/media?parent=11238"}],"wp:term":[{"taxonomy":"category","embeddable":true,"href":"https:\/\/radiostudiow.com.br\/site\/wp-json\/wp\/v2\/categories?post=11238"},{"taxonomy":"post_tag","embeddable":true,"href":"https:\/\/radiostudiow.com.br\/site\/wp-json\/wp\/v2\/tags?post=11238"}],"curies":[{"name":"wp","href":"https:\/\/api.w.org\/{rel}","templated":true}]}}