{"id":11291,"date":"2023-02-13T16:01:54","date_gmt":"2023-02-13T19:01:54","guid":{"rendered":"https:\/\/radiostudiow.com.br\/site\/?p=11291"},"modified":"2025-01-31T15:09:38","modified_gmt":"2025-01-31T18:09:38","slug":"caminhao-tomba-na-br-153","status":"publish","type":"post","link":"https:\/\/radiostudiow.com.br\/site\/2023\/02\/13\/caminhao-tomba-na-br-153\/","title":{"rendered":"CAMINH\u00c3O TOMBA NA BR-153 ENTRE UNI\u00c3O DA VIT\u00d3RIA E GENERAL CARNEIRO"},"content":{"rendered":"\n<p>Uma sa\u00edda de pista,&nbsp;seguida de tombamento, envolvendo um caminh\u00e3o foi registrada na tarde deste domingo, 12 de fevereiro, na BR-153, na via de acesso entre&nbsp;Uni\u00e3o da Vit\u00f3ria e General Carneiro.&nbsp;<\/p>\n\n\n\n<p>A Pol\u00edcia Militar Rodovi\u00e1ria e o Samu foram acionados para a ocorr\u00eancia.<\/p>\n\n\n\n<p>A princ\u00edpio duas v\u00edtimas foram atendidas e encaminhadas para cuidados m\u00e9dicos.<\/p>\n\n\n\n<figure class=\"wp-block-image size-full\"><img decoding=\"async\" src=\"https:\/\/radiostudiow.com.br\/site\/wp-content\/uploads\/2022\/10\/image-4.png\" alt=\"\" class=\"wp-image-9421\"\/><\/figure>\n\n\n\n<figure class=\"wp-block-image size-full\"><img loading=\"lazy\" decoding=\"async\" width=\"450\" height=\"600\" src=\"https:\/\/radiostudiow.com.br\/site\/wp-content\/uploads\/2023\/02\/WhatsApp-Image-2023-02-12-at-18.56.50-450x600-1.jpeg\" alt=\"\" class=\"wp-image-11295\" srcset=\"https:\/\/radiostudiow.com.br\/site\/wp-content\/uploads\/2023\/02\/WhatsApp-Image-2023-02-12-at-18.56.50-450x600-1.jpeg 450w, https:\/\/radiostudiow.com.br\/site\/wp-content\/uploads\/2023\/02\/WhatsApp-Image-2023-02-12-at-18.56.50-450x600-1-225x300.jpeg 225w\" sizes=\"auto, (max-width: 450px) 100vw, 450px\" \/><\/figure>\n","protected":false},"excerpt":{"rendered":"<p>Uma sa\u00edda de pista,&nbsp;seguida de tombamento, envolvendo um caminh\u00e3o foi registrada na tarde deste domingo, 12 de fevereiro, na BR-153, na via de acesso entre&nbsp;Uni\u00e3o da Vit\u00f3ria e General Carneiro.&nbsp; A Pol\u00edcia Militar Rodovi\u00e1ria e o Samu foram acionados para a ocorr\u00eancia. A princ\u00edpio duas v\u00edtimas foram atendidas e encaminhadas para cuidados m\u00e9dicos.<\/p>\n","protected":false},"author":2,"featured_media":11294,"comment_status":"open","ping_status":"open","sticky":false,"template":"","format":"standard","meta":{"footnotes":""},"categories":[2],"tags":[172],"class_list":["post-11291","post","type-post","status-publish","format-standard","has-post-thumbnail","hentry","category-policial","tag-featured"],"amp_enabled":true,"_links":{"self":[{"href":"https:\/\/radiostudiow.com.br\/site\/wp-json\/wp\/v2\/posts\/11291","targetHints":{"allow":["GET"]}}],"collection":[{"href":"https:\/\/radiostudiow.com.br\/site\/wp-json\/wp\/v2\/posts"}],"about":[{"href":"https:\/\/radiostudiow.com.br\/site\/wp-json\/wp\/v2\/types\/post"}],"author":[{"embeddable":true,"href":"https:\/\/radiostudiow.com.br\/site\/wp-json\/wp\/v2\/users\/2"}],"replies":[{"embeddable":true,"href":"https:\/\/radiostudiow.com.br\/site\/wp-json\/wp\/v2\/comments?post=11291"}],"version-history":[{"count":4,"href":"https:\/\/radiostudiow.com.br\/site\/wp-json\/wp\/v2\/posts\/11291\/revisions"}],"predecessor-version":[{"id":11301,"href":"https:\/\/radiostudiow.com.br\/site\/wp-json\/wp\/v2\/posts\/11291\/revisions\/11301"}],"wp:featuredmedia":[{"embeddable":true,"href":"https:\/\/radiostudiow.com.br\/site\/wp-json\/wp\/v2\/media\/11294"}],"wp:attachment":[{"href":"https:\/\/radiostudiow.com.br\/site\/wp-json\/wp\/v2\/media?parent=11291"}],"wp:term":[{"taxonomy":"category","embeddable":true,"href":"https:\/\/radiostudiow.com.br\/site\/wp-json\/wp\/v2\/categories?post=11291"},{"taxonomy":"post_tag","embeddable":true,"href":"https:\/\/radiostudiow.com.br\/site\/wp-json\/wp\/v2\/tags?post=11291"}],"curies":[{"name":"wp","href":"https:\/\/api.w.org\/{rel}","templated":true}]}}