{"id":11300,"date":"2023-02-13T18:37:38","date_gmt":"2023-02-13T21:37:38","guid":{"rendered":"https:\/\/radiostudiow.com.br\/site\/?p=11300"},"modified":"2025-01-31T15:09:38","modified_gmt":"2025-01-31T18:09:38","slug":"ossada-humana-foi-encontrada-no-interior-de-bituruna","status":"publish","type":"post","link":"https:\/\/radiostudiow.com.br\/site\/2023\/02\/13\/ossada-humana-foi-encontrada-no-interior-de-bituruna\/","title":{"rendered":"OSSADA HUMANA FOI ENCONTRADA NO INTERIOR DE BITURUNA"},"content":{"rendered":"\n<p>Restos mortais de um homem que supostamente estava desaparecido em Bituruna foi localizado na tarde deste s\u00e1bado (11).<\/p>\n\n\n\n<figure class=\"wp-block-image size-full\"><img decoding=\"async\" src=\"https:\/\/radiostudiow.com.br\/site\/wp-content\/uploads\/2022\/12\/300-2.gif\" alt=\"\" class=\"wp-image-10338\"\/><\/figure>\n\n\n\n<p>Segundo informa\u00e7\u00f5es, um homem morador do Criciuminha interior de Bituruna foi at\u00e9 a regi\u00e3o verificar algumas caixas de abelhas pr\u00f3ximas ao Rio Igua\u00e7u quando se deparou com um bon\u00e9 e pr\u00f3ximo ao local uma bota.<\/p>\n\n\n\n<p>Quando chegou mais perto, visualizou uma ossada humana. Devido a comunidade ser afastada o contato com as autoridades s\u00f3 foi poss\u00edvel nesta segunda (13).<\/p>\n\n\n\n<p>Uma equipe policial foi at\u00e9 o local e encontrou os ossos e um cr\u00e2nio com marca de quatro perfura\u00e7\u00f5es.<\/p>\n","protected":false},"excerpt":{"rendered":"<p>Restos mortais de um homem que supostamente estava desaparecido em Bituruna foi localizado na tarde deste s\u00e1bado (11). Segundo informa\u00e7\u00f5es, um homem morador do Criciuminha interior de Bituruna foi at\u00e9 a regi\u00e3o verificar algumas caixas de abelhas pr\u00f3ximas ao Rio Igua\u00e7u quando se deparou com um bon\u00e9 e pr\u00f3ximo ao local uma bota. Quando chegou [&hellip;]<\/p>\n","protected":false},"author":2,"featured_media":11302,"comment_status":"open","ping_status":"open","sticky":false,"template":"","format":"standard","meta":{"footnotes":""},"categories":[2],"tags":[172],"class_list":["post-11300","post","type-post","status-publish","format-standard","has-post-thumbnail","hentry","category-policial","tag-featured"],"amp_enabled":true,"_links":{"self":[{"href":"https:\/\/radiostudiow.com.br\/site\/wp-json\/wp\/v2\/posts\/11300","targetHints":{"allow":["GET"]}}],"collection":[{"href":"https:\/\/radiostudiow.com.br\/site\/wp-json\/wp\/v2\/posts"}],"about":[{"href":"https:\/\/radiostudiow.com.br\/site\/wp-json\/wp\/v2\/types\/post"}],"author":[{"embeddable":true,"href":"https:\/\/radiostudiow.com.br\/site\/wp-json\/wp\/v2\/users\/2"}],"replies":[{"embeddable":true,"href":"https:\/\/radiostudiow.com.br\/site\/wp-json\/wp\/v2\/comments?post=11300"}],"version-history":[{"count":2,"href":"https:\/\/radiostudiow.com.br\/site\/wp-json\/wp\/v2\/posts\/11300\/revisions"}],"predecessor-version":[{"id":11316,"href":"https:\/\/radiostudiow.com.br\/site\/wp-json\/wp\/v2\/posts\/11300\/revisions\/11316"}],"wp:featuredmedia":[{"embeddable":true,"href":"https:\/\/radiostudiow.com.br\/site\/wp-json\/wp\/v2\/media\/11302"}],"wp:attachment":[{"href":"https:\/\/radiostudiow.com.br\/site\/wp-json\/wp\/v2\/media?parent=11300"}],"wp:term":[{"taxonomy":"category","embeddable":true,"href":"https:\/\/radiostudiow.com.br\/site\/wp-json\/wp\/v2\/categories?post=11300"},{"taxonomy":"post_tag","embeddable":true,"href":"https:\/\/radiostudiow.com.br\/site\/wp-json\/wp\/v2\/tags?post=11300"}],"curies":[{"name":"wp","href":"https:\/\/api.w.org\/{rel}","templated":true}]}}