{"id":11343,"date":"2023-02-15T11:06:20","date_gmt":"2023-02-15T14:06:20","guid":{"rendered":"https:\/\/radiostudiow.com.br\/site\/?p=11343"},"modified":"2025-01-31T15:09:37","modified_gmt":"2025-01-31T18:09:37","slug":"modulos-de-caminhoes-sao-furtados-em-sao-mateus-do-sul","status":"publish","type":"post","link":"https:\/\/radiostudiow.com.br\/site\/2023\/02\/15\/modulos-de-caminhoes-sao-furtados-em-sao-mateus-do-sul\/","title":{"rendered":"M\u00d3DULOS DE CAMINH\u00d5ES S\u00c3O FURTADOS EM S\u00c3O MATEUS DO SUL\u00a0"},"content":{"rendered":"\n<p>Dois motoristas compareceram at\u00e9 o Pelot\u00e3o da Pol\u00edcia Militar de S\u00e3o Mateus do Sul na regi\u00e3o da Vila Amaral por volta das 17:00 horas dessa ter\u00e7a-feira (14).<\/p>\n\n\n\n<figure class=\"wp-block-image size-full\"><img decoding=\"async\" src=\"https:\/\/radiostudiow.com.br\/site\/wp-content\/uploads\/2023\/01\/image-1.png\" alt=\"\" class=\"wp-image-10435\"\/><\/figure>\n\n\n\n<p>De acordo com os solicitantes, eles estacionaram os caminh\u00f5es Volvo\/FH 460, por volta de 18:00 horas de segunda-feira, 13 de fevereiro, e na manh\u00e3 de ter\u00e7a-feira (14) ao tentarem sair do local verificaram falha nos caminh\u00f5es, n\u00e3o ligando os ve\u00edculos.<\/p>\n\n\n\n<p>A equipe deslocou at\u00e9 o local e em contato com as v\u00edtimas foram informados que foi furtado um m\u00f3dulo do motor e um m\u00f3dulo do farol de cada ve\u00edculo. Diante do exposto foi realizada a confec\u00e7\u00e3o do boletim de ocorr\u00eancia.<\/p>\n","protected":false},"excerpt":{"rendered":"<p>Dois motoristas compareceram at\u00e9 o Pelot\u00e3o da Pol\u00edcia Militar de S\u00e3o Mateus do Sul na regi\u00e3o da Vila Amaral por volta das 17:00 horas dessa ter\u00e7a-feira (14). De acordo com os solicitantes, eles estacionaram os caminh\u00f5es Volvo\/FH 460, por volta de 18:00 horas de segunda-feira, 13 de fevereiro, e na manh\u00e3 de ter\u00e7a-feira (14) ao [&hellip;]<\/p>\n","protected":false},"author":2,"featured_media":10154,"comment_status":"open","ping_status":"open","sticky":false,"template":"","format":"standard","meta":{"footnotes":""},"categories":[2],"tags":[172],"class_list":["post-11343","post","type-post","status-publish","format-standard","has-post-thumbnail","hentry","category-policial","tag-featured"],"amp_enabled":true,"_links":{"self":[{"href":"https:\/\/radiostudiow.com.br\/site\/wp-json\/wp\/v2\/posts\/11343","targetHints":{"allow":["GET"]}}],"collection":[{"href":"https:\/\/radiostudiow.com.br\/site\/wp-json\/wp\/v2\/posts"}],"about":[{"href":"https:\/\/radiostudiow.com.br\/site\/wp-json\/wp\/v2\/types\/post"}],"author":[{"embeddable":true,"href":"https:\/\/radiostudiow.com.br\/site\/wp-json\/wp\/v2\/users\/2"}],"replies":[{"embeddable":true,"href":"https:\/\/radiostudiow.com.br\/site\/wp-json\/wp\/v2\/comments?post=11343"}],"version-history":[{"count":1,"href":"https:\/\/radiostudiow.com.br\/site\/wp-json\/wp\/v2\/posts\/11343\/revisions"}],"predecessor-version":[{"id":11344,"href":"https:\/\/radiostudiow.com.br\/site\/wp-json\/wp\/v2\/posts\/11343\/revisions\/11344"}],"wp:featuredmedia":[{"embeddable":true,"href":"https:\/\/radiostudiow.com.br\/site\/wp-json\/wp\/v2\/media\/10154"}],"wp:attachment":[{"href":"https:\/\/radiostudiow.com.br\/site\/wp-json\/wp\/v2\/media?parent=11343"}],"wp:term":[{"taxonomy":"category","embeddable":true,"href":"https:\/\/radiostudiow.com.br\/site\/wp-json\/wp\/v2\/categories?post=11343"},{"taxonomy":"post_tag","embeddable":true,"href":"https:\/\/radiostudiow.com.br\/site\/wp-json\/wp\/v2\/tags?post=11343"}],"curies":[{"name":"wp","href":"https:\/\/api.w.org\/{rel}","templated":true}]}}