{"id":11347,"date":"2023-02-15T16:42:16","date_gmt":"2023-02-15T19:42:16","guid":{"rendered":"https:\/\/radiostudiow.com.br\/site\/?p=11347"},"modified":"2025-01-31T15:09:37","modified_gmt":"2025-01-31T18:09:37","slug":"urgente-carretas-colidem-frontalmente-em-paulo-frontin","status":"publish","type":"post","link":"https:\/\/radiostudiow.com.br\/site\/2023\/02\/15\/urgente-carretas-colidem-frontalmente-em-paulo-frontin\/","title":{"rendered":"CARRETAS COLIDEM FRONTALMENTE EM PAULO FRONTIN\u00a0"},"content":{"rendered":"\n<p>As equipes de socorro e da Pol\u00edcia Rodovi\u00e1ria Federal \u2013 PRF foram acionadas para se deslocar at\u00e9 a rodovia BR-476 para atender a uma ocorr\u00eancia de acidente na tarde desta quarta-feira (15).<\/p>\n\n\n\n<figure class=\"wp-block-image size-full\"><img decoding=\"async\" src=\"https:\/\/radiostudiow.com.br\/site\/wp-content\/uploads\/2023\/01\/image-2.png\" alt=\"\" class=\"wp-image-10436\"\/><\/figure>\n\n\n\n<p>De acordo com informa\u00e7\u00f5es apuradas pela reportagem do Canal 4 TV, o acidente aconteceu na altura do quil\u00f4metro 318, na regi\u00e3o do Limoeiro, na cidade de Paulo Frontin e envolveu duas carretas que colidiram frontalmente.<\/p>\n\n\n\n<p>Das informa\u00e7\u00f5es, indicam que o acidente deixou v\u00edtimas e que os ve\u00edculos est\u00e3o na pista, bloqueando o tr\u00e2nsito que est\u00e1 lento.<\/p>\n\n\n\n<p>COM INFORMA\u00c7\u00d5ES: Portal Canal 4 TV<\/p>\n","protected":false},"excerpt":{"rendered":"<p>As equipes de socorro e da Pol\u00edcia Rodovi\u00e1ria Federal \u2013 PRF foram acionadas para se deslocar at\u00e9 a rodovia BR-476 para atender a uma ocorr\u00eancia de acidente na tarde desta quarta-feira (15). De acordo com informa\u00e7\u00f5es apuradas pela reportagem do Canal 4 TV, o acidente aconteceu na altura do quil\u00f4metro 318, na regi\u00e3o do Limoeiro, [&hellip;]<\/p>\n","protected":false},"author":2,"featured_media":11348,"comment_status":"open","ping_status":"open","sticky":false,"template":"","format":"standard","meta":{"footnotes":""},"categories":[2],"tags":[172],"class_list":["post-11347","post","type-post","status-publish","format-standard","has-post-thumbnail","hentry","category-policial","tag-featured"],"amp_enabled":true,"_links":{"self":[{"href":"https:\/\/radiostudiow.com.br\/site\/wp-json\/wp\/v2\/posts\/11347","targetHints":{"allow":["GET"]}}],"collection":[{"href":"https:\/\/radiostudiow.com.br\/site\/wp-json\/wp\/v2\/posts"}],"about":[{"href":"https:\/\/radiostudiow.com.br\/site\/wp-json\/wp\/v2\/types\/post"}],"author":[{"embeddable":true,"href":"https:\/\/radiostudiow.com.br\/site\/wp-json\/wp\/v2\/users\/2"}],"replies":[{"embeddable":true,"href":"https:\/\/radiostudiow.com.br\/site\/wp-json\/wp\/v2\/comments?post=11347"}],"version-history":[{"count":2,"href":"https:\/\/radiostudiow.com.br\/site\/wp-json\/wp\/v2\/posts\/11347\/revisions"}],"predecessor-version":[{"id":11351,"href":"https:\/\/radiostudiow.com.br\/site\/wp-json\/wp\/v2\/posts\/11347\/revisions\/11351"}],"wp:featuredmedia":[{"embeddable":true,"href":"https:\/\/radiostudiow.com.br\/site\/wp-json\/wp\/v2\/media\/11348"}],"wp:attachment":[{"href":"https:\/\/radiostudiow.com.br\/site\/wp-json\/wp\/v2\/media?parent=11347"}],"wp:term":[{"taxonomy":"category","embeddable":true,"href":"https:\/\/radiostudiow.com.br\/site\/wp-json\/wp\/v2\/categories?post=11347"},{"taxonomy":"post_tag","embeddable":true,"href":"https:\/\/radiostudiow.com.br\/site\/wp-json\/wp\/v2\/tags?post=11347"}],"curies":[{"name":"wp","href":"https:\/\/api.w.org\/{rel}","templated":true}]}}