{"id":11379,"date":"2023-02-17T11:42:26","date_gmt":"2023-02-17T14:42:26","guid":{"rendered":"https:\/\/radiostudiow.com.br\/site\/?p=11379"},"modified":"2025-01-31T15:09:37","modified_gmt":"2025-01-31T18:09:37","slug":"rapaz-confessa-que-possui-arma-de-fogo-ilegal-durante-abordagem-policial-em-sao-mateus-do-sul","status":"publish","type":"post","link":"https:\/\/radiostudiow.com.br\/site\/2023\/02\/17\/rapaz-confessa-que-possui-arma-de-fogo-ilegal-durante-abordagem-policial-em-sao-mateus-do-sul\/","title":{"rendered":"RAPAZ CONFESSA QUE POSSUI ARMA DE FOGO ILEGAL DURANTE ABORDAGEM POLICIAL EM S\u00c3O MATEUS DO SUL\u00a0"},"content":{"rendered":"\n<p>A equipe da Pol\u00edcia Militar de S\u00e3o Mateus do Sul realizou a apreens\u00e3o de uma arma de fogo na Vila Nova por volta das 11:20 horas dessa quinta-feira (16).\u00a0<\/p>\n\n\n\n<p>Durante o patrulhamento, os policiais avistaram quatro homens\u00a0que ao perceber a presen\u00e7a da viatura esbo\u00e7aram nervosismo, tentando esconder os rostos. Dado voz de abordagem, em busca pessoal nada de il\u00edcito foi localizado.\u00a0<\/p>\n\n\n\n<figure class=\"wp-block-image size-full\"><img decoding=\"async\" src=\"https:\/\/radiostudiow.com.br\/site\/wp-content\/uploads\/2022\/11\/image-7.png\" alt=\"\" class=\"wp-image-9553\"\/><\/figure>\n\n\n\n<p>Um dos masculinos abordado estava muito nervoso e tr\u00eamulo. Questionado o motivo do nervosismo ou se havia algo il\u00edcito, ele come\u00e7ou a relatar que na tarde passada de quarta-feira,&nbsp;15 de fevereiro, entregou uma arma de fogo do tipo rev\u00f3lver calibre .38 na casa de um amigo para que ele guardasse, e que este amigo estaria trazendo a arma at\u00e9 ele.&nbsp;<\/p>\n\n\n\n<p>Diante das informa\u00e7\u00f5es, os demais abordados foram liberados no local e conduzido o masculino at\u00e9 a casa indicada que teria sido entregue a arma. Foi localizado um rev\u00f3lver calibre .38 Special CTG marca Trade Mark acondicionado em um coldre de tecido com duas muni\u00e7\u00f5es calibre 38 marca CBC intactas. A arma e o envolvido foram encaminhados at\u00e9 a delegacia para provid\u00eancias cab\u00edveis.<\/p>\n\n\n\n<figure class=\"wp-block-image size-full\"><img decoding=\"async\" src=\"https:\/\/radiostudiow.com.br\/site\/wp-content\/uploads\/2022\/11\/image-10.png\" alt=\"\" class=\"wp-image-9640\"\/><\/figure>\n","protected":false},"excerpt":{"rendered":"<p>A equipe da Pol\u00edcia Militar de S\u00e3o Mateus do Sul realizou a apreens\u00e3o de uma arma de fogo na Vila Nova por volta das 11:20 horas dessa quinta-feira (16).\u00a0 Durante o patrulhamento, os policiais avistaram quatro homens\u00a0que ao perceber a presen\u00e7a da viatura esbo\u00e7aram nervosismo, tentando esconder os rostos. Dado voz de abordagem, em busca [&hellip;]<\/p>\n","protected":false},"author":2,"featured_media":11380,"comment_status":"open","ping_status":"open","sticky":false,"template":"","format":"standard","meta":{"footnotes":""},"categories":[2],"tags":[172],"class_list":["post-11379","post","type-post","status-publish","format-standard","has-post-thumbnail","hentry","category-policial","tag-featured"],"amp_enabled":true,"_links":{"self":[{"href":"https:\/\/radiostudiow.com.br\/site\/wp-json\/wp\/v2\/posts\/11379","targetHints":{"allow":["GET"]}}],"collection":[{"href":"https:\/\/radiostudiow.com.br\/site\/wp-json\/wp\/v2\/posts"}],"about":[{"href":"https:\/\/radiostudiow.com.br\/site\/wp-json\/wp\/v2\/types\/post"}],"author":[{"embeddable":true,"href":"https:\/\/radiostudiow.com.br\/site\/wp-json\/wp\/v2\/users\/2"}],"replies":[{"embeddable":true,"href":"https:\/\/radiostudiow.com.br\/site\/wp-json\/wp\/v2\/comments?post=11379"}],"version-history":[{"count":1,"href":"https:\/\/radiostudiow.com.br\/site\/wp-json\/wp\/v2\/posts\/11379\/revisions"}],"predecessor-version":[{"id":11381,"href":"https:\/\/radiostudiow.com.br\/site\/wp-json\/wp\/v2\/posts\/11379\/revisions\/11381"}],"wp:featuredmedia":[{"embeddable":true,"href":"https:\/\/radiostudiow.com.br\/site\/wp-json\/wp\/v2\/media\/11380"}],"wp:attachment":[{"href":"https:\/\/radiostudiow.com.br\/site\/wp-json\/wp\/v2\/media?parent=11379"}],"wp:term":[{"taxonomy":"category","embeddable":true,"href":"https:\/\/radiostudiow.com.br\/site\/wp-json\/wp\/v2\/categories?post=11379"},{"taxonomy":"post_tag","embeddable":true,"href":"https:\/\/radiostudiow.com.br\/site\/wp-json\/wp\/v2\/tags?post=11379"}],"curies":[{"name":"wp","href":"https:\/\/api.w.org\/{rel}","templated":true}]}}