{"id":11386,"date":"2023-02-17T15:31:40","date_gmt":"2023-02-17T18:31:40","guid":{"rendered":"https:\/\/radiostudiow.com.br\/site\/?p=11386"},"modified":"2025-01-31T15:09:37","modified_gmt":"2025-01-31T18:09:37","slug":"morador-procura-pm-de-paulo-frontin-apos-estelionato","status":"publish","type":"post","link":"https:\/\/radiostudiow.com.br\/site\/2023\/02\/17\/morador-procura-pm-de-paulo-frontin-apos-estelionato\/","title":{"rendered":"MORADOR PROCURA PM DE PAULO FRONTIN AP\u00d3S ESTELIONATO\u00a0"},"content":{"rendered":"\n<p>Morador de C\u00e2ndido de Abreu acionou a equipe da Pol\u00edcia Militar de Paulo Frontin ap\u00f3s ser v\u00edtima de estelionato por volta das 21:10 horas dessa quinta-feira (16).\u00a0<\/p>\n\n\n\n<figure class=\"wp-block-image size-full\"><img decoding=\"async\" src=\"https:\/\/radiostudiow.com.br\/site\/wp-content\/uploads\/2022\/10\/image-4.png\" alt=\"\" class=\"wp-image-9421\"\/><\/figure>\n\n\n\n<p>O&nbsp;solicitante afirmou aos policiais que&nbsp;estava em sua resid\u00eancia quando recebeu uma mensagem de texto em rede social&nbsp;de um contato, a pessoa come\u00e7ou a conversar com ele e algum minutos depois mudou o tom d\u00e1 conversar e come\u00e7ou a falar de sexo com o solicitante&nbsp;<\/p>\n\n\n\n<p>A v\u00edtima com todo o respeito mudou de assunto e parou de conversar com o contato e que dois dias depois recebeu no WhatsApp mensagem de uma pessoa que se identificava como inspetor da Pol\u00edcia Civil do Rio Grande do Sul e que devido a boa \u00edndole do solicitante eles v\u00e3o abafar o caso se ele contribuir com um valor em dinheiro de R$ 30.000,00 (Trinta mil reais).&nbsp;<\/p>\n\n\n\n<p>Ap\u00f3s tal proposta o solicitante procurou equipe policial para elaborar boletim de ocorr\u00eancia e orienta\u00e7\u00e3o.\u00a0<\/p>\n\n\n\n<figure class=\"wp-block-image size-full\"><img decoding=\"async\" src=\"https:\/\/radiostudiow.com.br\/site\/wp-content\/uploads\/2022\/12\/800-2-1.gif\" alt=\"\" class=\"wp-image-10344\"\/><\/figure>\n","protected":false},"excerpt":{"rendered":"<p>Morador de C\u00e2ndido de Abreu acionou a equipe da Pol\u00edcia Militar de Paulo Frontin ap\u00f3s ser v\u00edtima de estelionato por volta das 21:10 horas dessa quinta-feira (16).\u00a0 O&nbsp;solicitante afirmou aos policiais que&nbsp;estava em sua resid\u00eancia quando recebeu uma mensagem de texto em rede social&nbsp;de um contato, a pessoa come\u00e7ou a conversar com ele e algum [&hellip;]<\/p>\n","protected":false},"author":2,"featured_media":11388,"comment_status":"open","ping_status":"open","sticky":false,"template":"","format":"standard","meta":{"footnotes":""},"categories":[2],"tags":[172],"class_list":["post-11386","post","type-post","status-publish","format-standard","has-post-thumbnail","hentry","category-policial","tag-featured"],"amp_enabled":true,"_links":{"self":[{"href":"https:\/\/radiostudiow.com.br\/site\/wp-json\/wp\/v2\/posts\/11386","targetHints":{"allow":["GET"]}}],"collection":[{"href":"https:\/\/radiostudiow.com.br\/site\/wp-json\/wp\/v2\/posts"}],"about":[{"href":"https:\/\/radiostudiow.com.br\/site\/wp-json\/wp\/v2\/types\/post"}],"author":[{"embeddable":true,"href":"https:\/\/radiostudiow.com.br\/site\/wp-json\/wp\/v2\/users\/2"}],"replies":[{"embeddable":true,"href":"https:\/\/radiostudiow.com.br\/site\/wp-json\/wp\/v2\/comments?post=11386"}],"version-history":[{"count":1,"href":"https:\/\/radiostudiow.com.br\/site\/wp-json\/wp\/v2\/posts\/11386\/revisions"}],"predecessor-version":[{"id":11389,"href":"https:\/\/radiostudiow.com.br\/site\/wp-json\/wp\/v2\/posts\/11386\/revisions\/11389"}],"wp:featuredmedia":[{"embeddable":true,"href":"https:\/\/radiostudiow.com.br\/site\/wp-json\/wp\/v2\/media\/11388"}],"wp:attachment":[{"href":"https:\/\/radiostudiow.com.br\/site\/wp-json\/wp\/v2\/media?parent=11386"}],"wp:term":[{"taxonomy":"category","embeddable":true,"href":"https:\/\/radiostudiow.com.br\/site\/wp-json\/wp\/v2\/categories?post=11386"},{"taxonomy":"post_tag","embeddable":true,"href":"https:\/\/radiostudiow.com.br\/site\/wp-json\/wp\/v2\/tags?post=11386"}],"curies":[{"name":"wp","href":"https:\/\/api.w.org\/{rel}","templated":true}]}}