{"id":11397,"date":"2023-02-18T11:39:04","date_gmt":"2023-02-18T14:39:04","guid":{"rendered":"https:\/\/radiostudiow.com.br\/site\/?p=11397"},"modified":"2025-01-31T15:09:37","modified_gmt":"2025-01-31T18:09:37","slug":"quase-30-kilos-de-maconha-prensada-sao-apreendidas-pelas-policias-militares-de-mallet-e-paulo-frontin","status":"publish","type":"post","link":"https:\/\/radiostudiow.com.br\/site\/2023\/02\/18\/quase-30-kilos-de-maconha-prensada-sao-apreendidas-pelas-policias-militares-de-mallet-e-paulo-frontin\/","title":{"rendered":"QUASE 30 KILOS DE MACONHA PRENSADA, S\u00c3O APREENDIDAS PELAS POL\u00cdCIAS MILITARES DE MALLET E PAULO FRONTIN"},"content":{"rendered":"\n<p>As equipes da Pol\u00edcia Militar de Mallet e Paulo Frontin receberam informa\u00e7\u00f5es sobre ve\u00edculos suspeitos circulando por estradas rurais dos dois munic\u00edpios, com poss\u00edvel pr\u00e1tica do tr\u00e1fico de drogas.<\/p>\n\n\n\n<p>Os policiais realizaram a &#8220;Opera\u00e7\u00e3o de Satura\u00e7\u00e3o&#8221; na estrada de ch\u00e3o da localidade da Col\u00f4nia Santana onde se localiza a divisa entre os munic\u00edpios.<\/p>\n\n\n\n<figure class=\"wp-block-image size-large\"><img decoding=\"async\" src=\"https:\/\/radiostudiow.com.br\/site\/wp-content\/uploads\/2023\/01\/capa-1024x384.jpg\" alt=\"\" class=\"wp-image-10696\"\/><\/figure>\n\n\n\n<p>O fato ocorreu por volta das 17:30 horas dessa sexta-feira (17), e segundo os policiais diversas abordagens foram feitas em ve\u00edculos e nada de el\u00edcito foi localizado.<\/p>\n\n\n\n<p>Momento de abordagem de um ve\u00edculo Volkswagen\/Gol, estariam dois homens, sendo um deles menor com apenas 16 anos no seu interior.<\/p>\n\n\n\n<p>Em revista pessoal nada de il\u00edcito foi encontrado, j\u00e1 em revista no ve\u00edculo, foi localizado no banco traseiro diversos tabletes de subst\u00e2ncia an\u00e1loga a maconha, a qual posteriormente foi contabilizados 55 tabletes com total de peso 29,320 kg.<\/p>\n\n\n\n<p>A R\u00e1dio Studio W teve acesso ao Boletim de Ocorr\u00eancia e verificou que ambos os acusados s\u00e3o da cidade de Prudent\u00f3polis, e estariam na regi\u00e3o para fazer a entrega do entorpecente.<\/p>\n\n\n\n<p>Ainda segundo o relato, ambos comentaram que possuem mais entorpecentes e que estaria em sua resid\u00eancia. A situa\u00e7\u00e3o foi repassada para equipes daquela regi\u00e3o. <a href=\"https:\/\/radiostudiow.com.br\/site\/2023\/02\/18\/policia-militar-de-prudentopolis-apreendeu-cocaina-e-14-quilos-de-maconha\/amp\/\" data-type=\"URL\" data-id=\"https:\/\/radiostudiow.com.br\/site\/2023\/02\/18\/policia-militar-de-prudentopolis-apreendeu-cocaina-e-14-quilos-de-maconha\/amp\/\">Confira a mat\u00e9ria sobre apreens\u00e3o dos entorpecentes em Prudent\u00f3polis clicando AQUI!<\/a><\/p>\n\n\n\n<figure class=\"wp-block-image size-full\"><img decoding=\"async\" src=\"https:\/\/radiostudiow.com.br\/site\/wp-content\/uploads\/2023\/02\/image-12.png\" alt=\"\" class=\"wp-image-11282\"\/><\/figure>\n\n\n\n<p>Os dois masculinos e ve\u00edculo foram conduzidos at\u00e9 o Destacamento da Pol\u00edcia Militar de Paulo Frontin, o ve\u00edculo apreendido vai ser posteriormente entregue na 10\u00aa DRP de Mallet.<\/p>\n\n\n\n<p>Foi acionado o Conselho Tutelar de Paulo Frontin, onde compareceram as conselheiras de plant\u00e3o, as quais acompanharam toda a situa\u00e7\u00e3o.<\/p>\n\n\n\n<p>Diante da situa\u00e7\u00e3o de flagrante, foi dado voz de pris\u00e3o aos ocupantes do ve\u00edculo e deslocado com os envolvidos e o entorpecente apreendido at\u00e9 a 4\u00aa SDP de Uni\u00e3o da Vit\u00f3ria para procedimentos de Pol\u00edcia Judici\u00e1ria.<\/p>\n\n\n\n<figure class=\"wp-block-image size-full\"><img decoding=\"async\" src=\"https:\/\/radiostudiow.com.br\/site\/wp-content\/uploads\/2023\/02\/image-20.png\" alt=\"\" class=\"wp-image-11402\"\/><\/figure>\n","protected":false},"excerpt":{"rendered":"<p>As equipes da Pol\u00edcia Militar de Mallet e Paulo Frontin receberam informa\u00e7\u00f5es sobre ve\u00edculos suspeitos circulando por estradas rurais dos dois munic\u00edpios, com poss\u00edvel pr\u00e1tica do tr\u00e1fico de drogas. Os policiais realizaram a &#8220;Opera\u00e7\u00e3o de Satura\u00e7\u00e3o&#8221; na estrada de ch\u00e3o da localidade da Col\u00f4nia Santana onde se localiza a divisa entre os munic\u00edpios. O fato [&hellip;]<\/p>\n","protected":false},"author":2,"featured_media":0,"comment_status":"open","ping_status":"open","sticky":false,"template":"","format":"standard","meta":{"footnotes":""},"categories":[2],"tags":[172],"class_list":["post-11397","post","type-post","status-publish","format-standard","hentry","category-policial","tag-featured"],"amp_enabled":true,"_links":{"self":[{"href":"https:\/\/radiostudiow.com.br\/site\/wp-json\/wp\/v2\/posts\/11397","targetHints":{"allow":["GET"]}}],"collection":[{"href":"https:\/\/radiostudiow.com.br\/site\/wp-json\/wp\/v2\/posts"}],"about":[{"href":"https:\/\/radiostudiow.com.br\/site\/wp-json\/wp\/v2\/types\/post"}],"author":[{"embeddable":true,"href":"https:\/\/radiostudiow.com.br\/site\/wp-json\/wp\/v2\/users\/2"}],"replies":[{"embeddable":true,"href":"https:\/\/radiostudiow.com.br\/site\/wp-json\/wp\/v2\/comments?post=11397"}],"version-history":[{"count":3,"href":"https:\/\/radiostudiow.com.br\/site\/wp-json\/wp\/v2\/posts\/11397\/revisions"}],"predecessor-version":[{"id":11410,"href":"https:\/\/radiostudiow.com.br\/site\/wp-json\/wp\/v2\/posts\/11397\/revisions\/11410"}],"wp:attachment":[{"href":"https:\/\/radiostudiow.com.br\/site\/wp-json\/wp\/v2\/media?parent=11397"}],"wp:term":[{"taxonomy":"category","embeddable":true,"href":"https:\/\/radiostudiow.com.br\/site\/wp-json\/wp\/v2\/categories?post=11397"},{"taxonomy":"post_tag","embeddable":true,"href":"https:\/\/radiostudiow.com.br\/site\/wp-json\/wp\/v2\/tags?post=11397"}],"curies":[{"name":"wp","href":"https:\/\/api.w.org\/{rel}","templated":true}]}}