{"id":11404,"date":"2023-02-18T11:34:05","date_gmt":"2023-02-18T14:34:05","guid":{"rendered":"https:\/\/radiostudiow.com.br\/site\/?p=11404"},"modified":"2025-01-31T15:09:37","modified_gmt":"2025-01-31T18:09:37","slug":"policia-militar-de-prudentopolis-apreendeu-cocaina-e-14-quilos-de-maconha","status":"publish","type":"post","link":"https:\/\/radiostudiow.com.br\/site\/2023\/02\/18\/policia-militar-de-prudentopolis-apreendeu-cocaina-e-14-quilos-de-maconha\/","title":{"rendered":"APREENS\u00c3O DE DROGAS PELAS POLICIAS MILITARES DE MALLET E PAULO FRONTIN, RESULTA EM MAIS ENTORPECENTES APREENDIDOS EM PRUDENT\u00d3POLIS"},"content":{"rendered":"\n<p>Ap\u00f3s a abordagem feita pela equipe da Pol\u00edcia Militar de Mallet e Paulo Frontin a um ve\u00edculo na \u00e1rea rural e divisa entre os dois munic\u00edpios, onde estavam dois jovens, sendo um de 19 anos e outro adolescente de 16 anos, os quais portavam quase 30 kilos de entorpecentes.<\/p>\n\n\n\n<p>Durante os procedimentos o adolescente relatou ter mais uma certa quantidade de entorpecentes no interior de seu quarto, onde ficava na resid\u00eancia de sua genitora em Prudent\u00f3polis.<\/p>\n\n\n\n<figure class=\"wp-block-image size-full\"><img decoding=\"async\" src=\"https:\/\/radiostudiow.com.br\/site\/wp-content\/uploads\/2023\/02\/image-21.png\" alt=\"\" class=\"wp-image-11405\"\/><\/figure>\n\n\n\n<p>Diante das informa\u00e7\u00f5es os policiais de Mallet passou a informa\u00e7\u00e3o para a PM de Prudent\u00f3polis, a qual se deslocou at\u00e9 a resid\u00eancia que j\u00e1 era de conhecimento policial. O propriet\u00e1rio do im\u00f3vel concedeu a entrada da equipe policial que iniciou busca no interior do quarto. Foi localizada uma mochila de viagem na cor preta abaixo de um beliche, sendo que ao abrir a mochila havia tijolos de subst\u00e2ncia an\u00e1loga a maconha.<\/p>\n\n\n\n<p>Foi perguntado ao propriet\u00e1rio do im\u00f3vel se o mesmo tinha conhecimento do entorpecente, o qual relatou que o adolescente \u00e9 seu enteado e que n\u00e3o permitia que ele mexesse em suas coisas.<\/p>\n\n\n\n<p>O homem relatou que dever\u00edamos falar com a m\u00e3e do acusado.<br>A genitora n\u00e3o se encontrava na resid\u00eancia naquele momento por\u00e9m diante da situa\u00e7\u00e3o, a m\u00e3e do adolescente foi chamada ao local, e relatou que n\u00e3o tinha conhecimento do entorpecente estar no interior de sua resid\u00eancia.<\/p>\n\n\n\n<figure class=\"wp-block-image size-large\"><img loading=\"lazy\" decoding=\"async\" width=\"945\" height=\"1024\" src=\"https:\/\/radiostudiow.com.br\/site\/wp-content\/uploads\/2023\/02\/4604f1ad-1fc3-477f-8a53-a3f2e7405538-945x1024.jpg\" alt=\"\" class=\"wp-image-11417\" srcset=\"https:\/\/radiostudiow.com.br\/site\/wp-content\/uploads\/2023\/02\/4604f1ad-1fc3-477f-8a53-a3f2e7405538-945x1024.jpg 945w, https:\/\/radiostudiow.com.br\/site\/wp-content\/uploads\/2023\/02\/4604f1ad-1fc3-477f-8a53-a3f2e7405538-277x300.jpg 277w, https:\/\/radiostudiow.com.br\/site\/wp-content\/uploads\/2023\/02\/4604f1ad-1fc3-477f-8a53-a3f2e7405538-768x833.jpg 768w, https:\/\/radiostudiow.com.br\/site\/wp-content\/uploads\/2023\/02\/4604f1ad-1fc3-477f-8a53-a3f2e7405538-1417x1536.jpg 1417w, https:\/\/radiostudiow.com.br\/site\/wp-content\/uploads\/2023\/02\/4604f1ad-1fc3-477f-8a53-a3f2e7405538.jpg 1476w\" sizes=\"auto, (max-width: 945px) 100vw, 945px\" \/><figcaption class=\"wp-element-caption\">Foto\/divulga\u00e7\u00e3o: <a href=\"https:\/\/nossagente.info\/\" data-type=\"URL\" data-id=\"https:\/\/nossagente.info\/\">NOSSA GENTE<\/a><\/figcaption><\/figure>\n\n\n\n<figure class=\"wp-block-image size-full\"><img decoding=\"async\" src=\"https:\/\/radiostudiow.com.br\/site\/wp-content\/uploads\/2023\/02\/image-22.png\" alt=\"\" class=\"wp-image-11406\"\/><\/figure>\n\n\n\n<p>A equipe policial encaminhou a droga apreendida e a m\u00e3e do adolescente at\u00e9 a Delegacia de Pol\u00edcia Civil de Prudent\u00f3polis para providencias, tendo em vista o adolescente, o qual era o respons\u00e1vel pelo entorpecente estar apreendido na regi\u00e3o de Paulo Frontin.<\/p>\n\n\n\n<p>Realizada a pesagem do entorpecente onde foi aferida a quantidade aproximada de 14,180 kg de subst\u00e2ncia an\u00e1loga a maconha, sendo em 19 tabletes embalados em pl\u00e1stico na cor roxa e duas por\u00e7\u00f5es j\u00e1 cortadas.<\/p>\n\n\n\n<p>Ainda na resid\u00eancia foi localizada uma por\u00e7\u00e3o de subst\u00e2ncia an\u00e1loga a coca\u00edna, a qual estava em uma caixa de aparelho celular, embalada em pl\u00e1stico de sacola branco, sendo aferida na delegacia a quantidade de 10 gramas do entorpecente.<\/p>\n\n\n\n<p>FONTE: <a href=\"https:\/\/nossagente.info\/\" data-type=\"URL\" data-id=\"https:\/\/nossagente.info\/\">NOSSA GENTE<\/a><\/p>\n\n\n\n<figure class=\"wp-block-image size-full\"><img decoding=\"async\" src=\"https:\/\/radiostudiow.com.br\/site\/wp-content\/uploads\/2023\/02\/image-23.png\" alt=\"\" class=\"wp-image-11407\"\/><\/figure>\n","protected":false},"excerpt":{"rendered":"<p>Ap\u00f3s a abordagem feita pela equipe da Pol\u00edcia Militar de Mallet e Paulo Frontin a um ve\u00edculo na \u00e1rea rural e divisa entre os dois munic\u00edpios, onde estavam dois jovens, sendo um de 19 anos e outro adolescente de 16 anos, os quais portavam quase 30 kilos de entorpecentes. Durante os procedimentos o adolescente relatou [&hellip;]<\/p>\n","protected":false},"author":2,"featured_media":11408,"comment_status":"open","ping_status":"open","sticky":false,"template":"","format":"standard","meta":{"footnotes":""},"categories":[2],"tags":[172],"class_list":["post-11404","post","type-post","status-publish","format-standard","has-post-thumbnail","hentry","category-policial","tag-featured"],"amp_enabled":true,"_links":{"self":[{"href":"https:\/\/radiostudiow.com.br\/site\/wp-json\/wp\/v2\/posts\/11404","targetHints":{"allow":["GET"]}}],"collection":[{"href":"https:\/\/radiostudiow.com.br\/site\/wp-json\/wp\/v2\/posts"}],"about":[{"href":"https:\/\/radiostudiow.com.br\/site\/wp-json\/wp\/v2\/types\/post"}],"author":[{"embeddable":true,"href":"https:\/\/radiostudiow.com.br\/site\/wp-json\/wp\/v2\/users\/2"}],"replies":[{"embeddable":true,"href":"https:\/\/radiostudiow.com.br\/site\/wp-json\/wp\/v2\/comments?post=11404"}],"version-history":[{"count":3,"href":"https:\/\/radiostudiow.com.br\/site\/wp-json\/wp\/v2\/posts\/11404\/revisions"}],"predecessor-version":[{"id":11421,"href":"https:\/\/radiostudiow.com.br\/site\/wp-json\/wp\/v2\/posts\/11404\/revisions\/11421"}],"wp:featuredmedia":[{"embeddable":true,"href":"https:\/\/radiostudiow.com.br\/site\/wp-json\/wp\/v2\/media\/11408"}],"wp:attachment":[{"href":"https:\/\/radiostudiow.com.br\/site\/wp-json\/wp\/v2\/media?parent=11404"}],"wp:term":[{"taxonomy":"category","embeddable":true,"href":"https:\/\/radiostudiow.com.br\/site\/wp-json\/wp\/v2\/categories?post=11404"},{"taxonomy":"post_tag","embeddable":true,"href":"https:\/\/radiostudiow.com.br\/site\/wp-json\/wp\/v2\/tags?post=11404"}],"curies":[{"name":"wp","href":"https:\/\/api.w.org\/{rel}","templated":true}]}}