{"id":11431,"date":"2023-02-20T12:13:25","date_gmt":"2023-02-20T15:13:25","guid":{"rendered":"https:\/\/radiostudiow.com.br\/site\/?p=11431"},"modified":"2025-01-31T15:09:37","modified_gmt":"2025-01-31T18:09:37","slug":"moradora-de-sao-mateus-do-sul-fica-gravemente-ferida-apos-acidente-em-prudentopolis","status":"publish","type":"post","link":"https:\/\/radiostudiow.com.br\/site\/2023\/02\/20\/moradora-de-sao-mateus-do-sul-fica-gravemente-ferida-apos-acidente-em-prudentopolis\/","title":{"rendered":"MORADORA DE S\u00c3O MATEUS DO SUL\u00a0FICA GRAVEMENTE FERIDA AP\u00d3S\u00a0ACIDENTE EM PRUDENT\u00d3POLIS"},"content":{"rendered":"\n<p>Uma mulher e uma crian\u00e7a, natural de S\u00e3o Mateus do Sul, ficaram feridos ap\u00f3s um acidente de tr\u00e2nsito na BR-373 em Prudent\u00f3polis.&nbsp;<\/p>\n\n\n\n<p>De acordo com informa\u00e7\u00f5es do Portal RSN, o ve\u00edculo \u00d4nix, ocupado pela s\u00e3o-mateuense e a crian\u00e7a, teria tentado acessar a rodovia quando foi atingido pela carreta.<\/p>\n\n\n\n<figure class=\"wp-block-image size-full\"><img decoding=\"async\" src=\"https:\/\/radiostudiow.com.br\/site\/wp-content\/uploads\/2023\/02\/image-25.png\" alt=\"\" class=\"wp-image-11434\"\/><\/figure>\n\n\n\n<p>A mulher foi identificada como Bruna Pacheco, e foi retirada das ferragens. Ela foi transferida para a UTI e foi confirmada uma fratura. A crian\u00e7a encontra-se est\u00e1vel.&nbsp;<\/p>\n\n\n\n<p><strong>Bruna trabalha no ramo de est\u00e9tica em S\u00e3o Mateus do Sul e tamb\u00e9m em Guarapuava.<\/strong><\/p>\n\n\n\n<p>O marido de Bruna, utilizou as redes sociais para divulgar a atualiza\u00e7\u00e3o do estado de sa\u00fade da s\u00e3o-mateuense. Segundo ele, a fratura foi confirmada na regi\u00e3o frontal da bacia e n\u00e3o no quadril.&nbsp;<em>\u201cO ortopedista analisou [os exames] e viu tudo. Essa \u00e9 uma regi\u00e3o que n\u00e3o tem como ser operada, ent\u00e3o ela n\u00e3o vai conseguir fazer a cirurgia, somente repouso\u201d,&nbsp;<\/em>diz.<\/p>\n\n\n\n<p>Ainda de acordo com o marido de Bruna, ela ficar\u00e1 de repouso por tr\u00eas meses para recuperar da fratura. Ela segue internada em Guarapuava.&nbsp;<em>\u201cVai ser uma recupera\u00e7\u00e3o longa e de bastante dificuldade, mas diante das fotos, de como ficou o carro, dos males o menor\u201d, afirma.<\/em><\/p>\n\n\n\n<p>O caso ser\u00e1 investigado pela PRF.<\/p>\n\n\n\n<figure class=\"wp-block-image size-full is-resized\"><img loading=\"lazy\" decoding=\"async\" src=\"https:\/\/radiostudiow.com.br\/site\/wp-content\/uploads\/2023\/02\/image-26.png\" alt=\"\" class=\"wp-image-11435\" width=\"598\" height=\"204\"\/><\/figure>\n\n\n\n<figure class=\"wp-block-image size-full\"><img loading=\"lazy\" decoding=\"async\" width=\"744\" height=\"1024\" src=\"https:\/\/radiostudiow.com.br\/site\/wp-content\/uploads\/2023\/02\/image-27.png\" alt=\"\" class=\"wp-image-11436\" srcset=\"https:\/\/radiostudiow.com.br\/site\/wp-content\/uploads\/2023\/02\/image-27.png 744w, https:\/\/radiostudiow.com.br\/site\/wp-content\/uploads\/2023\/02\/image-27-218x300.png 218w\" sizes=\"auto, (max-width: 744px) 100vw, 744px\" \/><\/figure>\n\n\n\n<figure class=\"wp-block-image size-full\"><img loading=\"lazy\" decoding=\"async\" width=\"850\" height=\"555\" src=\"https:\/\/radiostudiow.com.br\/site\/wp-content\/uploads\/2023\/02\/image-28.png\" alt=\"\" class=\"wp-image-11437\" srcset=\"https:\/\/radiostudiow.com.br\/site\/wp-content\/uploads\/2023\/02\/image-28.png 850w, https:\/\/radiostudiow.com.br\/site\/wp-content\/uploads\/2023\/02\/image-28-300x196.png 300w, https:\/\/radiostudiow.com.br\/site\/wp-content\/uploads\/2023\/02\/image-28-768x501.png 768w\" sizes=\"auto, (max-width: 850px) 100vw, 850px\" \/><\/figure>\n","protected":false},"excerpt":{"rendered":"<p>Uma mulher e uma crian\u00e7a, natural de S\u00e3o Mateus do Sul, ficaram feridos ap\u00f3s um acidente de tr\u00e2nsito na BR-373 em Prudent\u00f3polis.&nbsp; De acordo com informa\u00e7\u00f5es do Portal RSN, o ve\u00edculo \u00d4nix, ocupado pela s\u00e3o-mateuense e a crian\u00e7a, teria tentado acessar a rodovia quando foi atingido pela carreta. A mulher foi identificada como Bruna Pacheco, [&hellip;]<\/p>\n","protected":false},"author":2,"featured_media":0,"comment_status":"open","ping_status":"open","sticky":false,"template":"","format":"standard","meta":{"footnotes":""},"categories":[2],"tags":[172],"class_list":["post-11431","post","type-post","status-publish","format-standard","hentry","category-policial","tag-featured"],"amp_enabled":true,"_links":{"self":[{"href":"https:\/\/radiostudiow.com.br\/site\/wp-json\/wp\/v2\/posts\/11431","targetHints":{"allow":["GET"]}}],"collection":[{"href":"https:\/\/radiostudiow.com.br\/site\/wp-json\/wp\/v2\/posts"}],"about":[{"href":"https:\/\/radiostudiow.com.br\/site\/wp-json\/wp\/v2\/types\/post"}],"author":[{"embeddable":true,"href":"https:\/\/radiostudiow.com.br\/site\/wp-json\/wp\/v2\/users\/2"}],"replies":[{"embeddable":true,"href":"https:\/\/radiostudiow.com.br\/site\/wp-json\/wp\/v2\/comments?post=11431"}],"version-history":[{"count":1,"href":"https:\/\/radiostudiow.com.br\/site\/wp-json\/wp\/v2\/posts\/11431\/revisions"}],"predecessor-version":[{"id":11438,"href":"https:\/\/radiostudiow.com.br\/site\/wp-json\/wp\/v2\/posts\/11431\/revisions\/11438"}],"wp:attachment":[{"href":"https:\/\/radiostudiow.com.br\/site\/wp-json\/wp\/v2\/media?parent=11431"}],"wp:term":[{"taxonomy":"category","embeddable":true,"href":"https:\/\/radiostudiow.com.br\/site\/wp-json\/wp\/v2\/categories?post=11431"},{"taxonomy":"post_tag","embeddable":true,"href":"https:\/\/radiostudiow.com.br\/site\/wp-json\/wp\/v2\/tags?post=11431"}],"curies":[{"name":"wp","href":"https:\/\/api.w.org\/{rel}","templated":true}]}}