{"id":11439,"date":"2023-02-20T21:37:39","date_gmt":"2023-02-21T00:37:39","guid":{"rendered":"https:\/\/radiostudiow.com.br\/site\/?p=11439"},"modified":"2025-01-31T15:09:37","modified_gmt":"2025-01-31T18:09:37","slug":"pm-de-sao-joao-do-triunfo-apreende-motocicleta-com-chassi-raspada-e-numeracao-do-motor-suprimida","status":"publish","type":"post","link":"https:\/\/radiostudiow.com.br\/site\/2023\/02\/20\/pm-de-sao-joao-do-triunfo-apreende-motocicleta-com-chassi-raspada-e-numeracao-do-motor-suprimida\/","title":{"rendered":"PM DE S\u00c3O JO\u00c3O DO TRIUNFO APREENDE MOTOCICLETA COM CHASSI RASPADA E N\u00daMERA\u00c7\u00c3O DO MOTOR SUPRIMIDA"},"content":{"rendered":"\n<p>A\u00a0equipe da Pol\u00edcia Militar de S\u00e3o Jo\u00e3o do Triunfo estava em\u00a0patrulhamento momento que avistou um casal com dois capacetes na m\u00e3o ao lado de uma motocicleta com\u00a0o chassi raspado e a numera\u00e7\u00e3o do motor suprimida.<\/p>\n\n\n\n<p>A situa\u00e7\u00e3o foi registrada por volta das 14:15 horas desse domingo, 19 de fevereiro, na \u00e1rea central do munic\u00edpio.<\/p>\n\n\n\n<figure class=\"wp-block-image size-full\"><img decoding=\"async\" src=\"https:\/\/radiostudiow.com.br\/site\/wp-content\/uploads\/2023\/02\/image-24.png\" alt=\"\" class=\"wp-image-11411\"\/><\/figure>\n\n\n\n<p>Apesar da placa a princ\u00edpio parecer ser do referido modelo (cor, modelo, etc), \u00e0 supress\u00e3o do restante dos dados d\u00e1 ind\u00edcios de adultera\u00e7\u00e3o por algum motivo.\u00a0<\/p>\n\n\n\n<p>Os policiais entraram em contato com a 3 SDP, a equipe foi orientada a encaminhar o condutor para a delegacia e recolher o ve\u00edculo ao p\u00e1tio da delegacia.\u00a0<\/p>\n\n\n\n<figure class=\"wp-block-image size-large\"><img decoding=\"async\" src=\"https:\/\/radiostudiow.com.br\/site\/wp-content\/uploads\/2023\/01\/image-3-1024x392.png\" alt=\"\" class=\"wp-image-10452\"\/><\/figure>\n","protected":false},"excerpt":{"rendered":"<p>A\u00a0equipe da Pol\u00edcia Militar de S\u00e3o Jo\u00e3o do Triunfo estava em\u00a0patrulhamento momento que avistou um casal com dois capacetes na m\u00e3o ao lado de uma motocicleta com\u00a0o chassi raspado e a numera\u00e7\u00e3o do motor suprimida. A situa\u00e7\u00e3o foi registrada por volta das 14:15 horas desse domingo, 19 de fevereiro, na \u00e1rea central do munic\u00edpio. Apesar [&hellip;]<\/p>\n","protected":false},"author":2,"featured_media":10820,"comment_status":"open","ping_status":"open","sticky":false,"template":"","format":"standard","meta":{"footnotes":""},"categories":[2],"tags":[172],"class_list":["post-11439","post","type-post","status-publish","format-standard","has-post-thumbnail","hentry","category-policial","tag-featured"],"amp_enabled":true,"_links":{"self":[{"href":"https:\/\/radiostudiow.com.br\/site\/wp-json\/wp\/v2\/posts\/11439","targetHints":{"allow":["GET"]}}],"collection":[{"href":"https:\/\/radiostudiow.com.br\/site\/wp-json\/wp\/v2\/posts"}],"about":[{"href":"https:\/\/radiostudiow.com.br\/site\/wp-json\/wp\/v2\/types\/post"}],"author":[{"embeddable":true,"href":"https:\/\/radiostudiow.com.br\/site\/wp-json\/wp\/v2\/users\/2"}],"replies":[{"embeddable":true,"href":"https:\/\/radiostudiow.com.br\/site\/wp-json\/wp\/v2\/comments?post=11439"}],"version-history":[{"count":2,"href":"https:\/\/radiostudiow.com.br\/site\/wp-json\/wp\/v2\/posts\/11439\/revisions"}],"predecessor-version":[{"id":11447,"href":"https:\/\/radiostudiow.com.br\/site\/wp-json\/wp\/v2\/posts\/11439\/revisions\/11447"}],"wp:featuredmedia":[{"embeddable":true,"href":"https:\/\/radiostudiow.com.br\/site\/wp-json\/wp\/v2\/media\/10820"}],"wp:attachment":[{"href":"https:\/\/radiostudiow.com.br\/site\/wp-json\/wp\/v2\/media?parent=11439"}],"wp:term":[{"taxonomy":"category","embeddable":true,"href":"https:\/\/radiostudiow.com.br\/site\/wp-json\/wp\/v2\/categories?post=11439"},{"taxonomy":"post_tag","embeddable":true,"href":"https:\/\/radiostudiow.com.br\/site\/wp-json\/wp\/v2\/tags?post=11439"}],"curies":[{"name":"wp","href":"https:\/\/api.w.org\/{rel}","templated":true}]}}