{"id":11445,"date":"2023-02-20T21:26:41","date_gmt":"2023-02-21T00:26:41","guid":{"rendered":"https:\/\/radiostudiow.com.br\/site\/?p=11445"},"modified":"2025-01-31T15:09:37","modified_gmt":"2025-01-31T18:09:37","slug":"moradora-de-bituruna-e-encaminhada-para-o-hospital-apos-ser-agredida-pelo-vizinho","status":"publish","type":"post","link":"https:\/\/radiostudiow.com.br\/site\/2023\/02\/20\/moradora-de-bituruna-e-encaminhada-para-o-hospital-apos-ser-agredida-pelo-vizinho\/","title":{"rendered":"<strong>MORADORA DE BITURUNA \u00c9 ENCAMINHADA PARA O HOSPITAL AP\u00d3S SER AGREDIDA PELO VIZINHO<\/strong>&nbsp;"},"content":{"rendered":"\n<p><strong>Uma mulher foi parar no hospital ap\u00f3s ser agredida pelo vizinho. O caso foi registrado durante esse s\u00e1bado, 18 de fevereiro, na linha Santa Catarina \u00e1rea rural\u00a0de Bituruna.<\/strong>\u00a0<\/p>\n\n\n\n<figure class=\"wp-block-image size-full is-resized\"><img loading=\"lazy\" decoding=\"async\" src=\"https:\/\/radiostudiow.com.br\/site\/wp-content\/uploads\/2023\/02\/800-2-1.png\" alt=\"\" class=\"wp-image-11412\" width=\"374\" height=\"142\"\/><\/figure>\n\n\n\n<p>De acordo com o relat\u00f3rio policial, as informa\u00e7\u00f5es repassadas pela v\u00edtima que durante a semana ocorreu o furto de um g\u00e1s de cozinha e esse furto teria motivado as agress\u00f5es.&nbsp;<\/p>\n\n\n\n<p>O vizinho foi at\u00e9 a casa da v\u00edtima e durante uma discuss\u00e3o, a mulher ao tentar defender o marido acabou agredida. Ap\u00f3s os fatos, o vizinho fugiu do local utilizando um Fiat\/Palio.&nbsp;<\/p>\n\n\n\n<p>A Pol\u00edcia realizou buscas, por\u00e9m, o suspeito n\u00e3o foi localizado. A v\u00edtima foi orientada quanto aos procedimentos.\u00a0<\/p>\n\n\n\n<figure class=\"wp-block-image size-full\"><img decoding=\"async\" src=\"https:\/\/radiostudiow.com.br\/site\/wp-content\/uploads\/2023\/02\/image-23.png\" alt=\"\" class=\"wp-image-11407\"\/><\/figure>\n","protected":false},"excerpt":{"rendered":"<p>Uma mulher foi parar no hospital ap\u00f3s ser agredida pelo vizinho. O caso foi registrado durante esse s\u00e1bado, 18 de fevereiro, na linha Santa Catarina \u00e1rea rural\u00a0de Bituruna.\u00a0 De acordo com o relat\u00f3rio policial, as informa\u00e7\u00f5es repassadas pela v\u00edtima que durante a semana ocorreu o furto de um g\u00e1s de cozinha e esse furto teria [&hellip;]<\/p>\n","protected":false},"author":2,"featured_media":10905,"comment_status":"open","ping_status":"open","sticky":false,"template":"","format":"standard","meta":{"footnotes":""},"categories":[2],"tags":[172],"class_list":["post-11445","post","type-post","status-publish","format-standard","has-post-thumbnail","hentry","category-policial","tag-featured"],"amp_enabled":true,"_links":{"self":[{"href":"https:\/\/radiostudiow.com.br\/site\/wp-json\/wp\/v2\/posts\/11445","targetHints":{"allow":["GET"]}}],"collection":[{"href":"https:\/\/radiostudiow.com.br\/site\/wp-json\/wp\/v2\/posts"}],"about":[{"href":"https:\/\/radiostudiow.com.br\/site\/wp-json\/wp\/v2\/types\/post"}],"author":[{"embeddable":true,"href":"https:\/\/radiostudiow.com.br\/site\/wp-json\/wp\/v2\/users\/2"}],"replies":[{"embeddable":true,"href":"https:\/\/radiostudiow.com.br\/site\/wp-json\/wp\/v2\/comments?post=11445"}],"version-history":[{"count":1,"href":"https:\/\/radiostudiow.com.br\/site\/wp-json\/wp\/v2\/posts\/11445\/revisions"}],"predecessor-version":[{"id":11446,"href":"https:\/\/radiostudiow.com.br\/site\/wp-json\/wp\/v2\/posts\/11445\/revisions\/11446"}],"wp:featuredmedia":[{"embeddable":true,"href":"https:\/\/radiostudiow.com.br\/site\/wp-json\/wp\/v2\/media\/10905"}],"wp:attachment":[{"href":"https:\/\/radiostudiow.com.br\/site\/wp-json\/wp\/v2\/media?parent=11445"}],"wp:term":[{"taxonomy":"category","embeddable":true,"href":"https:\/\/radiostudiow.com.br\/site\/wp-json\/wp\/v2\/categories?post=11445"},{"taxonomy":"post_tag","embeddable":true,"href":"https:\/\/radiostudiow.com.br\/site\/wp-json\/wp\/v2\/tags?post=11445"}],"curies":[{"name":"wp","href":"https:\/\/api.w.org\/{rel}","templated":true}]}}