{"id":11466,"date":"2023-02-22T17:24:35","date_gmt":"2023-02-22T20:24:35","guid":{"rendered":"https:\/\/radiostudiow.com.br\/site\/?p=11466"},"modified":"2025-01-31T15:09:37","modified_gmt":"2025-01-31T18:09:37","slug":"pm-de-paula-freitas-e-sao-mateus-do-sul-recuperam-veiculo-furtado","status":"publish","type":"post","link":"https:\/\/radiostudiow.com.br\/site\/2023\/02\/22\/pm-de-paula-freitas-e-sao-mateus-do-sul-recuperam-veiculo-furtado\/","title":{"rendered":"PM DE PAULA FREITAS E S\u00c3O MATEUS DO SUL RECUPERAM VE\u00cdCULO FURTADO"},"content":{"rendered":"\n<p>A equipe da Pol\u00edcia Militar de Paula Freitas e\u00a0S\u00e3o Mateus do Sul recuperam um ve\u00edculo com alerta de furto e logrou \u00eaxito na pris\u00e3o de dois envolvidos no crime por volta das 22:30 horas dessa ter\u00e7a-feira, 21 de fevereiro, na Col\u00f4nia Luzia.\u00a0<\/p>\n\n\n\n<figure class=\"wp-block-image size-full\"><img decoding=\"async\" src=\"https:\/\/radiostudiow.com.br\/site\/wp-content\/uploads\/2023\/02\/image-21.png\" alt=\"\" class=\"wp-image-11405\"\/><\/figure>\n\n\n\n<p>O solicitante informou que deixou o ve\u00edculo estacionado em via p\u00fablica e em menos de 20 minutos n\u00e3o o encontrou mais. Logo em seguida recebeu \u00e1udios de aplicativo de mensagem informando que seu ve\u00edculo havia sido avistado na BR-476 pr\u00f3ximo a um posto de combust\u00edvel seguindo sentido a Uni\u00e3o da Vitoria, sendo acompanhada por um ve\u00edculo Fiat Palio que possivelmente estaria na cobertura.\u00a0<\/p>\n\n\n\n<p>Com base nas informa\u00e7\u00f5es as equipes policiais foram organizadas no terreno de modo a interceptar a caminhonete furtada e o ve\u00edculo de apoio. Quando&nbsp;nas proximidades do Posto Carret\u00e3o, a equipe policial de Paula Freitas avistou ambos os ve\u00edculos, ao dar voz de abordagem, ambos&nbsp;n\u00e3o acataram seguindo em alta velocidade pela BR-476.&nbsp;<\/p>\n\n\n\n<p>De imediato a equipe policial realizou um bloqueio na Col\u00f4nia Santa Luzia, quando a equipe CPU&nbsp;tentou interceptar, n\u00e3o obteve sucesso, vindo a caminhonete ap\u00f3s alguns metros perder o controle adentrando em uma \u00e1rea de mata.&nbsp;<\/p>\n\n\n\n<p>O condutor desembarcou com uma arma de fogo do tipo rev\u00f3lver em m\u00e3os apontando em dire\u00e7\u00e3o a equipe e diante da injusta e iminente agress\u00e3o letal, foi necess\u00e1ria a realiza\u00e7\u00e3o disparos para sessar a amea\u00e7a, os quais n\u00e3o atingiram o autor, ele fugiu para a mata as margens da rodovia.&nbsp;<\/p>\n\n\n\n<p>Diante da situa\u00e7\u00e3o a \u00e1rea foi isolada e montado o cerco policial e ap\u00f3s alguns minutos de buscas foi poss\u00edvel localizar o autor, o qual possui diversas passagens pela pol\u00edcia nos\u00a0estados do Paran\u00e1 e Santa Catarina pelos crimes de furto qualificado, posse ilegal de arma de fogo.\u00a0<\/p>\n\n\n\n<figure class=\"wp-block-image size-full is-resized\"><img loading=\"lazy\" decoding=\"async\" src=\"https:\/\/radiostudiow.com.br\/site\/wp-content\/uploads\/2023\/02\/800-2-1-1.png\" alt=\"\" class=\"wp-image-11413\" width=\"510\" height=\"194\"\/><\/figure>\n\n\n\n<p>O autor de rendeu, sendo lhe dada voz de pris\u00e3o e lhe dado ci\u00eancia de seus direitos constitucionais. Foi verificado que o mesmo que conduzia a caminhonete tamb\u00e9m possui um mandado de pris\u00e3o em aberto pelo estado de Santa Catarina.\u00a0<\/p>\n\n\n\n<p>Simultaneamente a abordagem pela equipe CPU&nbsp;e RPA&nbsp;Paula Freitas ao ve\u00edculo F1000, o ve\u00edculo Fiat Palio manteve sua fuga em alta velocidade sentido Uni\u00e3o da Vit\u00f3ria, sendo ent\u00e3o realizada uma obstru\u00e7\u00e3o total da via pela equipe RPA&nbsp;de Uni\u00e3o da Vit\u00f3ria.&nbsp;<\/p>\n\n\n\n<p>O&nbsp;ve\u00edculo Palio foi interceptado e o condutor posteriormente identificado, o qual possui 35 boletins de ocorr\u00eancia no estado de Santa Catarina, sendo lhe dado voz de pris\u00e3o. &nbsp;<\/p>\n\n\n\n<p>Diante dos fatos, os ve\u00edculos e autores, v\u00edtimas e testemunhas foram encaminhados at\u00e9 a 4\u00aasdp para aprecia\u00e7\u00e3o da autoridade policial.&nbsp;<\/p>\n\n\n\n<figure class=\"wp-block-image size-full is-resized\"><img loading=\"lazy\" decoding=\"async\" src=\"https:\/\/radiostudiow.com.br\/site\/wp-content\/uploads\/2023\/02\/800-2-1.png\" alt=\"\" class=\"wp-image-11412\" width=\"508\" height=\"193\"\/><\/figure>\n","protected":false},"excerpt":{"rendered":"<p>A equipe da Pol\u00edcia Militar de Paula Freitas e\u00a0S\u00e3o Mateus do Sul recuperam um ve\u00edculo com alerta de furto e logrou \u00eaxito na pris\u00e3o de dois envolvidos no crime por volta das 22:30 horas dessa ter\u00e7a-feira, 21 de fevereiro, na Col\u00f4nia Luzia.\u00a0 O solicitante informou que deixou o ve\u00edculo estacionado em via p\u00fablica e em [&hellip;]<\/p>\n","protected":false},"author":2,"featured_media":11467,"comment_status":"open","ping_status":"open","sticky":false,"template":"","format":"standard","meta":{"footnotes":""},"categories":[2],"tags":[172],"class_list":["post-11466","post","type-post","status-publish","format-standard","has-post-thumbnail","hentry","category-policial","tag-featured"],"amp_enabled":true,"_links":{"self":[{"href":"https:\/\/radiostudiow.com.br\/site\/wp-json\/wp\/v2\/posts\/11466","targetHints":{"allow":["GET"]}}],"collection":[{"href":"https:\/\/radiostudiow.com.br\/site\/wp-json\/wp\/v2\/posts"}],"about":[{"href":"https:\/\/radiostudiow.com.br\/site\/wp-json\/wp\/v2\/types\/post"}],"author":[{"embeddable":true,"href":"https:\/\/radiostudiow.com.br\/site\/wp-json\/wp\/v2\/users\/2"}],"replies":[{"embeddable":true,"href":"https:\/\/radiostudiow.com.br\/site\/wp-json\/wp\/v2\/comments?post=11466"}],"version-history":[{"count":1,"href":"https:\/\/radiostudiow.com.br\/site\/wp-json\/wp\/v2\/posts\/11466\/revisions"}],"predecessor-version":[{"id":11468,"href":"https:\/\/radiostudiow.com.br\/site\/wp-json\/wp\/v2\/posts\/11466\/revisions\/11468"}],"wp:featuredmedia":[{"embeddable":true,"href":"https:\/\/radiostudiow.com.br\/site\/wp-json\/wp\/v2\/media\/11467"}],"wp:attachment":[{"href":"https:\/\/radiostudiow.com.br\/site\/wp-json\/wp\/v2\/media?parent=11466"}],"wp:term":[{"taxonomy":"category","embeddable":true,"href":"https:\/\/radiostudiow.com.br\/site\/wp-json\/wp\/v2\/categories?post=11466"},{"taxonomy":"post_tag","embeddable":true,"href":"https:\/\/radiostudiow.com.br\/site\/wp-json\/wp\/v2\/tags?post=11466"}],"curies":[{"name":"wp","href":"https:\/\/api.w.org\/{rel}","templated":true}]}}