{"id":11477,"date":"2023-02-23T11:43:48","date_gmt":"2023-02-23T14:43:48","guid":{"rendered":"https:\/\/radiostudiow.com.br\/site\/?p=11477"},"modified":"2025-01-31T15:09:37","modified_gmt":"2025-01-31T18:09:37","slug":"homem-tenta-invadir-casa-paroquial-em-sao-mateus-do-sul","status":"publish","type":"post","link":"https:\/\/radiostudiow.com.br\/site\/2023\/02\/23\/homem-tenta-invadir-casa-paroquial-em-sao-mateus-do-sul\/","title":{"rendered":"HOMEM TENTA INVADIR CASA PAROQUIAL EM S\u00c3O MATEUS DO SUL\u00a0"},"content":{"rendered":"\n<p>A equipe da Pol\u00edcia Militar de S\u00e3o Mateus do Sul foi acionada\u00a0ap\u00f3s um homem estar quebrando as vidra\u00e7as e for\u00e7ando a porta da\u00a0Igreja Perp\u00e9tuo Socorro da Vila Prohmann nessa quarta-feira (22).\u00a0<\/p>\n\n\n\n<figure class=\"wp-block-image size-full\"><img decoding=\"async\" src=\"https:\/\/radiostudiow.com.br\/site\/wp-content\/uploads\/2023\/02\/image-22.png\" alt=\"\" class=\"wp-image-11406\"\/><\/figure>\n\n\n\n<p>No local os policiais entraram em contato com o Padre respons\u00e1vel, o qual informou que um homem de pele branca danificou a porta da casa paroquial e em seguida fugiu do local para rumo ignorado por volta das 22:00 horas.&nbsp;<\/p>\n\n\n\n<p>Diante disto foi efetuado patrulhamento a fim de localizar autor. O solicitante foi orientado quanto aos procedimentos cab\u00edveis.&nbsp;<\/p>\n\n\n\n<p>De acordo com a Pol\u00edcia Militar, o respons\u00e1vel pelos danos \u00e9 usu\u00e1rio de drogas e a ocorr\u00eancia n\u00e3o \u00e9 de cunho ideol\u00f3gico ou religioso.\u00a0<\/p>\n\n\n\n<figure class=\"wp-block-image size-full\"><img decoding=\"async\" src=\"https:\/\/radiostudiow.com.br\/site\/wp-content\/uploads\/2023\/02\/image-12.png\" alt=\"\" class=\"wp-image-11282\"\/><\/figure>\n","protected":false},"excerpt":{"rendered":"<p>A equipe da Pol\u00edcia Militar de S\u00e3o Mateus do Sul foi acionada\u00a0ap\u00f3s um homem estar quebrando as vidra\u00e7as e for\u00e7ando a porta da\u00a0Igreja Perp\u00e9tuo Socorro da Vila Prohmann nessa quarta-feira (22).\u00a0 No local os policiais entraram em contato com o Padre respons\u00e1vel, o qual informou que um homem de pele branca danificou a porta da [&hellip;]<\/p>\n","protected":false},"author":2,"featured_media":0,"comment_status":"open","ping_status":"open","sticky":false,"template":"","format":"standard","meta":{"footnotes":""},"categories":[2],"tags":[172],"class_list":["post-11477","post","type-post","status-publish","format-standard","hentry","category-policial","tag-featured"],"amp_enabled":true,"_links":{"self":[{"href":"https:\/\/radiostudiow.com.br\/site\/wp-json\/wp\/v2\/posts\/11477","targetHints":{"allow":["GET"]}}],"collection":[{"href":"https:\/\/radiostudiow.com.br\/site\/wp-json\/wp\/v2\/posts"}],"about":[{"href":"https:\/\/radiostudiow.com.br\/site\/wp-json\/wp\/v2\/types\/post"}],"author":[{"embeddable":true,"href":"https:\/\/radiostudiow.com.br\/site\/wp-json\/wp\/v2\/users\/2"}],"replies":[{"embeddable":true,"href":"https:\/\/radiostudiow.com.br\/site\/wp-json\/wp\/v2\/comments?post=11477"}],"version-history":[{"count":1,"href":"https:\/\/radiostudiow.com.br\/site\/wp-json\/wp\/v2\/posts\/11477\/revisions"}],"predecessor-version":[{"id":11478,"href":"https:\/\/radiostudiow.com.br\/site\/wp-json\/wp\/v2\/posts\/11477\/revisions\/11478"}],"wp:attachment":[{"href":"https:\/\/radiostudiow.com.br\/site\/wp-json\/wp\/v2\/media?parent=11477"}],"wp:term":[{"taxonomy":"category","embeddable":true,"href":"https:\/\/radiostudiow.com.br\/site\/wp-json\/wp\/v2\/categories?post=11477"},{"taxonomy":"post_tag","embeddable":true,"href":"https:\/\/radiostudiow.com.br\/site\/wp-json\/wp\/v2\/tags?post=11477"}],"curies":[{"name":"wp","href":"https:\/\/api.w.org\/{rel}","templated":true}]}}