{"id":11479,"date":"2023-02-23T12:06:20","date_gmt":"2023-02-23T15:06:20","guid":{"rendered":"https:\/\/radiostudiow.com.br\/site\/?p=11479"},"modified":"2025-01-31T15:09:37","modified_gmt":"2025-01-31T18:09:37","slug":"motociclista-fica-ferido-apos-se-envolver-em-acidente-com-amarok","status":"publish","type":"post","link":"https:\/\/radiostudiow.com.br\/site\/2023\/02\/23\/motociclista-fica-ferido-apos-se-envolver-em-acidente-com-amarok\/","title":{"rendered":"MOTOCICLISTA FICA FERIDO AP\u00d3S SE ENVOLVER EM ACIDENTE COM AMAROK\u00a0"},"content":{"rendered":"\n<p>Um motociclista ficou ferido ap\u00f3s se envolver em um acidente com uma caminhonete na localidade do Espig\u00e3ozinho em S\u00e3o Mateus do Sul.\u00a0<\/p>\n\n\n\n<figure class=\"wp-block-image size-full\"><img decoding=\"async\" src=\"https:\/\/radiostudiow.com.br\/site\/wp-content\/uploads\/2023\/02\/image-26.png\" alt=\"\" class=\"wp-image-11435\"\/><\/figure>\n\n\n\n<p>A colis\u00e3o envolveu uma motocicleta XLR 125 e uma VW\/Amarok, ambas de cor branca por volta de 17:00 horas dessa quarta-feira (22).&nbsp;<\/p>\n\n\n\n<p>O Corpo de Bombeiros foi at\u00e9 o local e encaminhou a v\u00edtima ao Pronto Atendimento Municipal com ferimentos moderados. O motorista da caminhonete, um homem de 46 anos, n\u00e3o se feriu.&nbsp;<\/p>\n\n\n\n<p>Segundo informa\u00e7\u00f5es, o piloto sofreu uma luxa\u00e7\u00e3o na regi\u00e3o do f\u00eamur, e por conta da gravidade dos ferimentos, teve de ser transferido pela ambul\u00e2ncia do Samu ao Hospital Regional, em Uni\u00e3o da Vit\u00f3ria.\u00a0<\/p>\n\n\n\n<figure class=\"wp-block-image size-large\"><img decoding=\"async\" src=\"https:\/\/radiostudiow.com.br\/site\/wp-content\/uploads\/2023\/01\/capa-1024x384.jpg\" alt=\"\" class=\"wp-image-10696\"\/><\/figure>\n","protected":false},"excerpt":{"rendered":"<p>Um motociclista ficou ferido ap\u00f3s se envolver em um acidente com uma caminhonete na localidade do Espig\u00e3ozinho em S\u00e3o Mateus do Sul.\u00a0 A colis\u00e3o envolveu uma motocicleta XLR 125 e uma VW\/Amarok, ambas de cor branca por volta de 17:00 horas dessa quarta-feira (22).&nbsp; O Corpo de Bombeiros foi at\u00e9 o local e encaminhou a [&hellip;]<\/p>\n","protected":false},"author":2,"featured_media":7117,"comment_status":"open","ping_status":"open","sticky":false,"template":"","format":"standard","meta":{"footnotes":""},"categories":[2],"tags":[172],"class_list":["post-11479","post","type-post","status-publish","format-standard","has-post-thumbnail","hentry","category-policial","tag-featured"],"amp_enabled":true,"_links":{"self":[{"href":"https:\/\/radiostudiow.com.br\/site\/wp-json\/wp\/v2\/posts\/11479","targetHints":{"allow":["GET"]}}],"collection":[{"href":"https:\/\/radiostudiow.com.br\/site\/wp-json\/wp\/v2\/posts"}],"about":[{"href":"https:\/\/radiostudiow.com.br\/site\/wp-json\/wp\/v2\/types\/post"}],"author":[{"embeddable":true,"href":"https:\/\/radiostudiow.com.br\/site\/wp-json\/wp\/v2\/users\/2"}],"replies":[{"embeddable":true,"href":"https:\/\/radiostudiow.com.br\/site\/wp-json\/wp\/v2\/comments?post=11479"}],"version-history":[{"count":1,"href":"https:\/\/radiostudiow.com.br\/site\/wp-json\/wp\/v2\/posts\/11479\/revisions"}],"predecessor-version":[{"id":11480,"href":"https:\/\/radiostudiow.com.br\/site\/wp-json\/wp\/v2\/posts\/11479\/revisions\/11480"}],"wp:featuredmedia":[{"embeddable":true,"href":"https:\/\/radiostudiow.com.br\/site\/wp-json\/wp\/v2\/media\/7117"}],"wp:attachment":[{"href":"https:\/\/radiostudiow.com.br\/site\/wp-json\/wp\/v2\/media?parent=11479"}],"wp:term":[{"taxonomy":"category","embeddable":true,"href":"https:\/\/radiostudiow.com.br\/site\/wp-json\/wp\/v2\/categories?post=11479"},{"taxonomy":"post_tag","embeddable":true,"href":"https:\/\/radiostudiow.com.br\/site\/wp-json\/wp\/v2\/tags?post=11479"}],"curies":[{"name":"wp","href":"https:\/\/api.w.org\/{rel}","templated":true}]}}