{"id":11482,"date":"2023-02-23T17:11:55","date_gmt":"2023-02-23T20:11:55","guid":{"rendered":"https:\/\/radiostudiow.com.br\/site\/?p=11482"},"modified":"2025-01-31T15:09:36","modified_gmt":"2025-01-31T18:09:36","slug":"dois-assaltantes-sao-mortos-pela-policia-militar-em-sao-mateus-do-sul","status":"publish","type":"post","link":"https:\/\/radiostudiow.com.br\/site\/2023\/02\/23\/dois-assaltantes-sao-mortos-pela-policia-militar-em-sao-mateus-do-sul\/","title":{"rendered":"DOIS ASSALTANTES S\u00c3O MORTOS PELA POL\u00cdCIA MILITAR EM S\u00c3O MATEUS DO SUL\u00a0"},"content":{"rendered":"\n<p>Dois homens\u00a0foram mortos em confronto com a Pol\u00edcia Militar de S\u00e3o Mateus do Sul ap\u00f3s cometerem assalto a uma empresa agr\u00edcola no\u00a0in\u00edcio da tarde desta quinta-feira (23).\u00a0<\/p>\n\n\n\n<figure class=\"wp-block-image size-large\"><img decoding=\"async\" src=\"https:\/\/radiostudiow.com.br\/site\/wp-content\/uploads\/2023\/01\/image-3-1024x392.png\" alt=\"\" class=\"wp-image-10452\"\/><\/figure>\n\n\n\n<p>De acordo com as informa\u00e7\u00f5es, ap\u00f3s efetuarem o assalto os meliantes em tentativa de fuga deram de frente com policiais. Um dos autores puxou uma arma em dire\u00e7\u00e3o a equipe, fazendo com que o policial efetuasse um disparo de arma de fogo revidando&nbsp;a injusta agress\u00e3o.&nbsp;<\/p>\n\n\n\n<p>O disparo acertou o rapaz fazendo com que o mesmo ca\u00edsse no local, o Corpo de Bombeiros foi acionado, por\u00e9m, ao chegar j\u00e1 constatou o \u00f3bito. Um segundo meliante foi preso ali mesmo e encaminhado at\u00e9 a 3\u00aa SDP.\u00a0\u00a0<\/p>\n\n\n\n<figure class=\"wp-block-image size-large\"><img loading=\"lazy\" decoding=\"async\" width=\"1024\" height=\"461\" src=\"https:\/\/radiostudiow.com.br\/site\/wp-content\/uploads\/2023\/02\/IMG-20230223-WA0024-1536x691-1-1024x461.jpg\" alt=\"\" class=\"wp-image-11485\" srcset=\"https:\/\/radiostudiow.com.br\/site\/wp-content\/uploads\/2023\/02\/IMG-20230223-WA0024-1536x691-1-1024x461.jpg 1024w, https:\/\/radiostudiow.com.br\/site\/wp-content\/uploads\/2023\/02\/IMG-20230223-WA0024-1536x691-1-300x135.jpg 300w, https:\/\/radiostudiow.com.br\/site\/wp-content\/uploads\/2023\/02\/IMG-20230223-WA0024-1536x691-1-768x346.jpg 768w, https:\/\/radiostudiow.com.br\/site\/wp-content\/uploads\/2023\/02\/IMG-20230223-WA0024-1536x691-1.jpg 1536w\" sizes=\"auto, (max-width: 1024px) 100vw, 1024px\" \/><\/figure>\n\n\n\n<p>Logo em seguida a equipe policial apreendeu persegui\u00e7\u00e3o a mesma quadrilha, na qual um terceiro meliante foi localizado na regi\u00e3o da Vargem Grande, onde tamb\u00e9m em troca de tiros acabou sendo alvejado.&nbsp;<\/p>\n\n\n\n<p>A equipe de Bombeiros foi acionada para esta segunda ocorr\u00eancia, ao chegar no local constatou o \u00f3bito. O IML de Uni\u00e3o da Vit\u00f3ria foi acionado para recolhimento dos corpos.\u00a0<\/p>\n\n\n\n<figure class=\"wp-block-image size-full\"><img decoding=\"async\" src=\"https:\/\/radiostudiow.com.br\/site\/wp-content\/uploads\/2023\/02\/image-12.png\" alt=\"\" class=\"wp-image-11282\"\/><\/figure>\n\n\n\n<figure class=\"wp-block-image size-large\"><img loading=\"lazy\" decoding=\"async\" width=\"1024\" height=\"461\" src=\"https:\/\/radiostudiow.com.br\/site\/wp-content\/uploads\/2023\/02\/IMG-20230223-WA0027-1536x691-1-1024x461.jpg\" alt=\"\" class=\"wp-image-11484\" srcset=\"https:\/\/radiostudiow.com.br\/site\/wp-content\/uploads\/2023\/02\/IMG-20230223-WA0027-1536x691-1-1024x461.jpg 1024w, https:\/\/radiostudiow.com.br\/site\/wp-content\/uploads\/2023\/02\/IMG-20230223-WA0027-1536x691-1-300x135.jpg 300w, https:\/\/radiostudiow.com.br\/site\/wp-content\/uploads\/2023\/02\/IMG-20230223-WA0027-1536x691-1-768x346.jpg 768w, https:\/\/radiostudiow.com.br\/site\/wp-content\/uploads\/2023\/02\/IMG-20230223-WA0027-1536x691-1.jpg 1536w\" sizes=\"auto, (max-width: 1024px) 100vw, 1024px\" \/><\/figure>\n\n\n\n<figure class=\"wp-block-image size-large\"><img loading=\"lazy\" decoding=\"async\" width=\"1024\" height=\"461\" src=\"https:\/\/radiostudiow.com.br\/site\/wp-content\/uploads\/2023\/02\/IMG-20230223-WA0026-1536x691-1-1024x461.jpg\" alt=\"\" class=\"wp-image-11486\" srcset=\"https:\/\/radiostudiow.com.br\/site\/wp-content\/uploads\/2023\/02\/IMG-20230223-WA0026-1536x691-1-1024x461.jpg 1024w, https:\/\/radiostudiow.com.br\/site\/wp-content\/uploads\/2023\/02\/IMG-20230223-WA0026-1536x691-1-300x135.jpg 300w, https:\/\/radiostudiow.com.br\/site\/wp-content\/uploads\/2023\/02\/IMG-20230223-WA0026-1536x691-1-768x346.jpg 768w, https:\/\/radiostudiow.com.br\/site\/wp-content\/uploads\/2023\/02\/IMG-20230223-WA0026-1536x691-1.jpg 1536w\" sizes=\"auto, (max-width: 1024px) 100vw, 1024px\" \/><\/figure>\n\n\n\n<p>Fonte\/Fotos: <a href=\"https:\/\/clicsulnews.com.br\/\" data-type=\"URL\" data-id=\"https:\/\/clicsulnews.com.br\/\">Clic Sul News<\/a><\/p>\n","protected":false},"excerpt":{"rendered":"<p>Dois homens\u00a0foram mortos em confronto com a Pol\u00edcia Militar de S\u00e3o Mateus do Sul ap\u00f3s cometerem assalto a uma empresa agr\u00edcola no\u00a0in\u00edcio da tarde desta quinta-feira (23).\u00a0 De acordo com as informa\u00e7\u00f5es, ap\u00f3s efetuarem o assalto os meliantes em tentativa de fuga deram de frente com policiais. Um dos autores puxou uma arma em dire\u00e7\u00e3o [&hellip;]<\/p>\n","protected":false},"author":2,"featured_media":11483,"comment_status":"open","ping_status":"open","sticky":false,"template":"","format":"standard","meta":{"footnotes":""},"categories":[2],"tags":[172],"class_list":["post-11482","post","type-post","status-publish","format-standard","has-post-thumbnail","hentry","category-policial","tag-featured"],"amp_enabled":true,"_links":{"self":[{"href":"https:\/\/radiostudiow.com.br\/site\/wp-json\/wp\/v2\/posts\/11482","targetHints":{"allow":["GET"]}}],"collection":[{"href":"https:\/\/radiostudiow.com.br\/site\/wp-json\/wp\/v2\/posts"}],"about":[{"href":"https:\/\/radiostudiow.com.br\/site\/wp-json\/wp\/v2\/types\/post"}],"author":[{"embeddable":true,"href":"https:\/\/radiostudiow.com.br\/site\/wp-json\/wp\/v2\/users\/2"}],"replies":[{"embeddable":true,"href":"https:\/\/radiostudiow.com.br\/site\/wp-json\/wp\/v2\/comments?post=11482"}],"version-history":[{"count":1,"href":"https:\/\/radiostudiow.com.br\/site\/wp-json\/wp\/v2\/posts\/11482\/revisions"}],"predecessor-version":[{"id":11487,"href":"https:\/\/radiostudiow.com.br\/site\/wp-json\/wp\/v2\/posts\/11482\/revisions\/11487"}],"wp:featuredmedia":[{"embeddable":true,"href":"https:\/\/radiostudiow.com.br\/site\/wp-json\/wp\/v2\/media\/11483"}],"wp:attachment":[{"href":"https:\/\/radiostudiow.com.br\/site\/wp-json\/wp\/v2\/media?parent=11482"}],"wp:term":[{"taxonomy":"category","embeddable":true,"href":"https:\/\/radiostudiow.com.br\/site\/wp-json\/wp\/v2\/categories?post=11482"},{"taxonomy":"post_tag","embeddable":true,"href":"https:\/\/radiostudiow.com.br\/site\/wp-json\/wp\/v2\/tags?post=11482"}],"curies":[{"name":"wp","href":"https:\/\/api.w.org\/{rel}","templated":true}]}}