{"id":11492,"date":"2023-02-23T21:19:15","date_gmt":"2023-02-24T00:19:15","guid":{"rendered":"https:\/\/radiostudiow.com.br\/site\/?p=11492"},"modified":"2025-01-31T15:09:36","modified_gmt":"2025-01-31T18:09:36","slug":"identificados-os-dois-mortos-em-confronto-com-a-policia-em-sao-mateus-do-sul","status":"publish","type":"post","link":"https:\/\/radiostudiow.com.br\/site\/2023\/02\/23\/identificados-os-dois-mortos-em-confronto-com-a-policia-em-sao-mateus-do-sul\/","title":{"rendered":"IDENTIFICADOS OS DOIS MORTOS EM CONFRONTO COM A POL\u00cdCIA EM S\u00c3O MATEUS DO SUL\u00a0"},"content":{"rendered":"\n<p>O site Clic Sul News apurou em primeira m\u00e3o as identifica\u00e7\u00f5es dos <a href=\"https:\/\/radiostudiow.com.br\/site\/2023\/02\/23\/dois-assaltantes-sao-mortos-pela-policia-militar-em-sao-mateus-do-sul\/amp\/?fbclid=IwAR3KHnwIQO28cZBzjFt16A2KoOs8Zqnq9jzaPb6J0nBunOGg345jvpbIgrE\" data-type=\"URL\" data-id=\"https:\/\/radiostudiow.com.br\/site\/2023\/02\/23\/dois-assaltantes-sao-mortos-pela-policia-militar-em-sao-mateus-do-sul\/amp\/?fbclid=IwAR3KHnwIQO28cZBzjFt16A2KoOs8Zqnq9jzaPb6J0nBunOGg345jvpbIgrE\">dois mortos no confronto com a Pol\u00edcia Militar em S\u00e3o Mateus do Sul.<\/a><\/p>\n\n\n\n<figure class=\"wp-block-image size-full\"><img decoding=\"async\" src=\"https:\/\/radiostudiow.com.br\/site\/wp-content\/uploads\/2023\/02\/image-25.png\" alt=\"\" class=\"wp-image-11434\"\/><\/figure>\n\n\n\n<p>Os dois s\u00e3o da regi\u00e3o de Curitiba, sendo Ivanildo Sitorski Vannucci 57 anos, com \u00faltimo endere\u00e7o na cidade de Arauc\u00e1ria e Gabriel Jos\u00e9 dos Santos 22 anos com \u00faltimo endere\u00e7o na cidade de S\u00e3o Jos\u00e9 dos Pinhais<\/p>\n\n\n\n<p>O terceiro envolvido que foi preso tamb\u00e9m \u00e9 da regi\u00e3o de Curitiba o qual o nome n\u00e3o foi repassado.<\/p>\n\n\n\n<p>Os corpos dos dois foram encaminhados para o IML de Uni\u00e3o da Vit\u00f3ria.<\/p>\n\n\n\n<figure class=\"wp-block-image size-full\"><img decoding=\"async\" src=\"https:\/\/radiostudiow.com.br\/site\/wp-content\/uploads\/2023\/01\/image-2.png\" alt=\"\" class=\"wp-image-10436\"\/><\/figure>\n\n\n\n<p>Fonte\/Fotos:\u00a0<a href=\"https:\/\/clicsulnews.com.br\/\">Clic Sul News<\/a><\/p>\n\n\n\n<figure class=\"wp-block-gallery has-nested-images columns-default is-cropped wp-block-gallery-1 is-layout-flex wp-block-gallery-is-layout-flex\">\n<figure class=\"wp-block-image size-large\"><img loading=\"lazy\" decoding=\"async\" width=\"1024\" height=\"461\" data-id=\"11486\" src=\"https:\/\/radiostudiow.com.br\/site\/wp-content\/uploads\/2023\/02\/IMG-20230223-WA0026-1536x691-1-1024x461.jpg\" alt=\"\" class=\"wp-image-11486\" srcset=\"https:\/\/radiostudiow.com.br\/site\/wp-content\/uploads\/2023\/02\/IMG-20230223-WA0026-1536x691-1-1024x461.jpg 1024w, https:\/\/radiostudiow.com.br\/site\/wp-content\/uploads\/2023\/02\/IMG-20230223-WA0026-1536x691-1-300x135.jpg 300w, https:\/\/radiostudiow.com.br\/site\/wp-content\/uploads\/2023\/02\/IMG-20230223-WA0026-1536x691-1-768x346.jpg 768w, https:\/\/radiostudiow.com.br\/site\/wp-content\/uploads\/2023\/02\/IMG-20230223-WA0026-1536x691-1.jpg 1536w\" sizes=\"auto, (max-width: 1024px) 100vw, 1024px\" \/><\/figure>\n\n\n\n<figure class=\"wp-block-image size-large\"><img loading=\"lazy\" decoding=\"async\" width=\"1024\" height=\"461\" data-id=\"11485\" src=\"https:\/\/radiostudiow.com.br\/site\/wp-content\/uploads\/2023\/02\/IMG-20230223-WA0024-1536x691-1-1024x461.jpg\" alt=\"\" class=\"wp-image-11485\" srcset=\"https:\/\/radiostudiow.com.br\/site\/wp-content\/uploads\/2023\/02\/IMG-20230223-WA0024-1536x691-1-1024x461.jpg 1024w, https:\/\/radiostudiow.com.br\/site\/wp-content\/uploads\/2023\/02\/IMG-20230223-WA0024-1536x691-1-300x135.jpg 300w, https:\/\/radiostudiow.com.br\/site\/wp-content\/uploads\/2023\/02\/IMG-20230223-WA0024-1536x691-1-768x346.jpg 768w, https:\/\/radiostudiow.com.br\/site\/wp-content\/uploads\/2023\/02\/IMG-20230223-WA0024-1536x691-1.jpg 1536w\" sizes=\"auto, (max-width: 1024px) 100vw, 1024px\" \/><\/figure>\n\n\n\n<figure class=\"wp-block-image size-large\"><img loading=\"lazy\" decoding=\"async\" width=\"1024\" height=\"461\" data-id=\"11483\" src=\"https:\/\/radiostudiow.com.br\/site\/wp-content\/uploads\/2023\/02\/IMG-20230223-WA0025-1536x691-1-1024x461.jpg\" alt=\"\" class=\"wp-image-11483\" srcset=\"https:\/\/radiostudiow.com.br\/site\/wp-content\/uploads\/2023\/02\/IMG-20230223-WA0025-1536x691-1-1024x461.jpg 1024w, https:\/\/radiostudiow.com.br\/site\/wp-content\/uploads\/2023\/02\/IMG-20230223-WA0025-1536x691-1-300x135.jpg 300w, https:\/\/radiostudiow.com.br\/site\/wp-content\/uploads\/2023\/02\/IMG-20230223-WA0025-1536x691-1-768x346.jpg 768w, https:\/\/radiostudiow.com.br\/site\/wp-content\/uploads\/2023\/02\/IMG-20230223-WA0025-1536x691-1.jpg 1536w\" sizes=\"auto, (max-width: 1024px) 100vw, 1024px\" \/><\/figure>\n<\/figure>\n","protected":false},"excerpt":{"rendered":"<p>O site Clic Sul News apurou em primeira m\u00e3o as identifica\u00e7\u00f5es dos dois mortos no confronto com a Pol\u00edcia Militar em S\u00e3o Mateus do Sul. Os dois s\u00e3o da regi\u00e3o de Curitiba, sendo Ivanildo Sitorski Vannucci 57 anos, com \u00faltimo endere\u00e7o na cidade de Arauc\u00e1ria e Gabriel Jos\u00e9 dos Santos 22 anos com \u00faltimo endere\u00e7o [&hellip;]<\/p>\n","protected":false},"author":2,"featured_media":11484,"comment_status":"open","ping_status":"open","sticky":false,"template":"","format":"standard","meta":{"footnotes":""},"categories":[2],"tags":[172],"class_list":["post-11492","post","type-post","status-publish","format-standard","has-post-thumbnail","hentry","category-policial","tag-featured"],"amp_enabled":true,"_links":{"self":[{"href":"https:\/\/radiostudiow.com.br\/site\/wp-json\/wp\/v2\/posts\/11492","targetHints":{"allow":["GET"]}}],"collection":[{"href":"https:\/\/radiostudiow.com.br\/site\/wp-json\/wp\/v2\/posts"}],"about":[{"href":"https:\/\/radiostudiow.com.br\/site\/wp-json\/wp\/v2\/types\/post"}],"author":[{"embeddable":true,"href":"https:\/\/radiostudiow.com.br\/site\/wp-json\/wp\/v2\/users\/2"}],"replies":[{"embeddable":true,"href":"https:\/\/radiostudiow.com.br\/site\/wp-json\/wp\/v2\/comments?post=11492"}],"version-history":[{"count":1,"href":"https:\/\/radiostudiow.com.br\/site\/wp-json\/wp\/v2\/posts\/11492\/revisions"}],"predecessor-version":[{"id":11493,"href":"https:\/\/radiostudiow.com.br\/site\/wp-json\/wp\/v2\/posts\/11492\/revisions\/11493"}],"wp:featuredmedia":[{"embeddable":true,"href":"https:\/\/radiostudiow.com.br\/site\/wp-json\/wp\/v2\/media\/11484"}],"wp:attachment":[{"href":"https:\/\/radiostudiow.com.br\/site\/wp-json\/wp\/v2\/media?parent=11492"}],"wp:term":[{"taxonomy":"category","embeddable":true,"href":"https:\/\/radiostudiow.com.br\/site\/wp-json\/wp\/v2\/categories?post=11492"},{"taxonomy":"post_tag","embeddable":true,"href":"https:\/\/radiostudiow.com.br\/site\/wp-json\/wp\/v2\/tags?post=11492"}],"curies":[{"name":"wp","href":"https:\/\/api.w.org\/{rel}","templated":true}]}}