{"id":11495,"date":"2023-02-24T10:32:25","date_gmt":"2023-02-24T13:32:25","guid":{"rendered":"https:\/\/radiostudiow.com.br\/site\/?p=11495"},"modified":"2025-01-31T15:09:36","modified_gmt":"2025-01-31T18:09:36","slug":"pm-registra-situacao-de-dano-e-furto-em-paulo-frontin","status":"publish","type":"post","link":"https:\/\/radiostudiow.com.br\/site\/2023\/02\/24\/pm-registra-situacao-de-dano-e-furto-em-paulo-frontin\/","title":{"rendered":"PM REGISTRA SITUA\u00c7\u00c3O DE DANO E FURTO EM PAULO FRONTIN"},"content":{"rendered":"\n<p>Uma mulher acionou a equipe da Pol\u00edcia Militar de Paulo Frontin ap\u00f3s danos em sua resid\u00eancia nessa quinta-feira (23).\u00a0<\/p>\n\n\n\n<figure class=\"wp-block-image size-full\"><img decoding=\"async\" src=\"https:\/\/radiostudiow.com.br\/site\/wp-content\/uploads\/2023\/02\/image-12.png\" alt=\"\" class=\"wp-image-11282\"\/><\/figure>\n\n\n\n<p>A solicitante afirmou que a janela de sua resid\u00eancia foi quebrada por uma pedra jogada por um indiv\u00edduo. A equipe policial se deslocou at\u00e9 o local no bairro Alexandre Popia, por\u00e9m, o autor n\u00e3o foi localizado.&nbsp;<\/p>\n\n\n\n<p>Durante a elabora\u00e7\u00e3o do Boletim de Ocorr\u00eancia, os policiais receberam uma nova liga\u00e7\u00e3o informando que o autor estaria escondido em outro endere\u00e7o, pr\u00f3ximo a resid\u00eancia da v\u00edtima. &nbsp;<\/p>\n\n\n\n<p>Os policiais se deslocaram at\u00e9 o local, o\u00a0autor foi localizado e encaminhado para realiza\u00e7\u00e3o do termo circunstanciado.\u00a0<\/p>\n\n\n\n<figure class=\"wp-block-image size-full\"><img decoding=\"async\" src=\"https:\/\/radiostudiow.com.br\/site\/wp-content\/uploads\/2023\/02\/image-26.png\" alt=\"\" class=\"wp-image-11435\"\/><\/figure>\n\n\n\n<h2 class=\"wp-block-heading\">PM DE PAULO FRONTIN REGISTRA FURTO EM RESID\u00caNCIA\u00a0<\/h2>\n\n\n\n<p>Uma mulher procurou a&nbsp;equipe da Pol\u00edcia Militar de Paulo Frontin para relatar um furto em sua resid\u00eancia na localidade da Col\u00f4nia Burge nesta quinta-feira (24).&nbsp;<\/p>\n\n\n\n<p>A&nbsp;solicitante afirmou que ao chegar em sua resid\u00eancia encontrou sua casa arrombada e seus objetos pessoais estavam revirados e deu falta de alguns pertences.&nbsp;<\/p>\n","protected":false},"excerpt":{"rendered":"<p>Uma mulher acionou a equipe da Pol\u00edcia Militar de Paulo Frontin ap\u00f3s danos em sua resid\u00eancia nessa quinta-feira (23).\u00a0 A solicitante afirmou que a janela de sua resid\u00eancia foi quebrada por uma pedra jogada por um indiv\u00edduo. A equipe policial se deslocou at\u00e9 o local no bairro Alexandre Popia, por\u00e9m, o autor n\u00e3o foi localizado.&nbsp; [&hellip;]<\/p>\n","protected":false},"author":2,"featured_media":11496,"comment_status":"open","ping_status":"open","sticky":false,"template":"","format":"standard","meta":{"footnotes":""},"categories":[2],"tags":[172],"class_list":["post-11495","post","type-post","status-publish","format-standard","has-post-thumbnail","hentry","category-policial","tag-featured"],"amp_enabled":true,"_links":{"self":[{"href":"https:\/\/radiostudiow.com.br\/site\/wp-json\/wp\/v2\/posts\/11495","targetHints":{"allow":["GET"]}}],"collection":[{"href":"https:\/\/radiostudiow.com.br\/site\/wp-json\/wp\/v2\/posts"}],"about":[{"href":"https:\/\/radiostudiow.com.br\/site\/wp-json\/wp\/v2\/types\/post"}],"author":[{"embeddable":true,"href":"https:\/\/radiostudiow.com.br\/site\/wp-json\/wp\/v2\/users\/2"}],"replies":[{"embeddable":true,"href":"https:\/\/radiostudiow.com.br\/site\/wp-json\/wp\/v2\/comments?post=11495"}],"version-history":[{"count":1,"href":"https:\/\/radiostudiow.com.br\/site\/wp-json\/wp\/v2\/posts\/11495\/revisions"}],"predecessor-version":[{"id":11497,"href":"https:\/\/radiostudiow.com.br\/site\/wp-json\/wp\/v2\/posts\/11495\/revisions\/11497"}],"wp:featuredmedia":[{"embeddable":true,"href":"https:\/\/radiostudiow.com.br\/site\/wp-json\/wp\/v2\/media\/11496"}],"wp:attachment":[{"href":"https:\/\/radiostudiow.com.br\/site\/wp-json\/wp\/v2\/media?parent=11495"}],"wp:term":[{"taxonomy":"category","embeddable":true,"href":"https:\/\/radiostudiow.com.br\/site\/wp-json\/wp\/v2\/categories?post=11495"},{"taxonomy":"post_tag","embeddable":true,"href":"https:\/\/radiostudiow.com.br\/site\/wp-json\/wp\/v2\/tags?post=11495"}],"curies":[{"name":"wp","href":"https:\/\/api.w.org\/{rel}","templated":true}]}}