{"id":11570,"date":"2023-02-28T17:41:38","date_gmt":"2023-02-28T20:41:38","guid":{"rendered":"https:\/\/radiostudiow.com.br\/site\/?p=11570"},"modified":"2025-01-31T15:06:58","modified_gmt":"2025-01-31T18:06:58","slug":"incendio-atinge-mais-uma-residencia-em-agua-clara-em-irati-nesse-domingo-26","status":"publish","type":"post","link":"https:\/\/radiostudiow.com.br\/site\/2023\/02\/28\/incendio-atinge-mais-uma-residencia-em-agua-clara-em-irati-nesse-domingo-26\/","title":{"rendered":"INC\u00caNDIO ATINGE MAIS UMA RESID\u00caNCIA EM \u00c1GUA CLARA, IRATI NESSE DOMINGO (26)\u00a0"},"content":{"rendered":"\n<figure class=\"wp-block-image size-full\"><img decoding=\"async\" src=\"https:\/\/radiostudiow.com.br\/site\/wp-content\/uploads\/2023\/02\/image-23.png\" alt=\"\" class=\"wp-image-11407\"\/><\/figure>\n\n\n\n<figure class=\"wp-block-embed is-type-video is-provider-youtube wp-block-embed-youtube wp-embed-aspect-16-9 wp-has-aspect-ratio\"><div class=\"wp-block-embed__wrapper\">\n<iframe loading=\"lazy\" title=\"Inc\u00eandio atinge mais uma resid\u00eancia em \u00c1gua Clara, aconteceu no domingo (26-02)\" width=\"740\" height=\"416\" src=\"https:\/\/www.youtube.com\/embed\/NhAx92rrXu8?feature=oembed\" frameborder=\"0\" allow=\"accelerometer; autoplay; clipboard-write; encrypted-media; gyroscope; picture-in-picture; web-share\" allowfullscreen><\/iframe>\n<\/div><\/figure>\n\n\n\n<p><strong>Esse \u00e9 o PIX para quem quiser ajudar com dinheiro na campanha em prol da fam\u00edlia 08807351986 (Jocinei). Contato pelo numero (42) 9 9989-5827<\/strong><\/p>\n\n\n\n<figure class=\"wp-block-embed is-type-video is-provider-youtube wp-block-embed-youtube wp-embed-aspect-16-9 wp-has-aspect-ratio\"><div class=\"wp-block-embed__wrapper\">\n<iframe loading=\"lazy\" title=\"Outra casa \u00e9 consumida pelo fogo na \u00c1gua Clara, munic\u00edpio de Irati\" width=\"740\" height=\"416\" src=\"https:\/\/www.youtube.com\/embed\/EA1nivaqA9c?feature=oembed\" frameborder=\"0\" allow=\"accelerometer; autoplay; clipboard-write; encrypted-media; gyroscope; picture-in-picture; web-share\" allowfullscreen><\/iframe>\n<\/div><\/figure>\n","protected":false},"excerpt":{"rendered":"<p>Esse \u00e9 o PIX para quem quiser ajudar com dinheiro na campanha em prol da fam\u00edlia 08807351986 (Jocinei). Contato pelo numero (42) 9 9989-5827<\/p>\n","protected":false},"author":2,"featured_media":11572,"comment_status":"open","ping_status":"open","sticky":false,"template":"","format":"gallery","meta":{"footnotes":""},"categories":[185],"tags":[172],"class_list":["post-11570","post","type-post","status-publish","format-gallery","has-post-thumbnail","hentry","category-regional","tag-featured","post_format-post-format-gallery"],"amp_enabled":true,"_links":{"self":[{"href":"https:\/\/radiostudiow.com.br\/site\/wp-json\/wp\/v2\/posts\/11570","targetHints":{"allow":["GET"]}}],"collection":[{"href":"https:\/\/radiostudiow.com.br\/site\/wp-json\/wp\/v2\/posts"}],"about":[{"href":"https:\/\/radiostudiow.com.br\/site\/wp-json\/wp\/v2\/types\/post"}],"author":[{"embeddable":true,"href":"https:\/\/radiostudiow.com.br\/site\/wp-json\/wp\/v2\/users\/2"}],"replies":[{"embeddable":true,"href":"https:\/\/radiostudiow.com.br\/site\/wp-json\/wp\/v2\/comments?post=11570"}],"version-history":[{"count":2,"href":"https:\/\/radiostudiow.com.br\/site\/wp-json\/wp\/v2\/posts\/11570\/revisions"}],"predecessor-version":[{"id":11574,"href":"https:\/\/radiostudiow.com.br\/site\/wp-json\/wp\/v2\/posts\/11570\/revisions\/11574"}],"wp:featuredmedia":[{"embeddable":true,"href":"https:\/\/radiostudiow.com.br\/site\/wp-json\/wp\/v2\/media\/11572"}],"wp:attachment":[{"href":"https:\/\/radiostudiow.com.br\/site\/wp-json\/wp\/v2\/media?parent=11570"}],"wp:term":[{"taxonomy":"category","embeddable":true,"href":"https:\/\/radiostudiow.com.br\/site\/wp-json\/wp\/v2\/categories?post=11570"},{"taxonomy":"post_tag","embeddable":true,"href":"https:\/\/radiostudiow.com.br\/site\/wp-json\/wp\/v2\/tags?post=11570"}],"curies":[{"name":"wp","href":"https:\/\/api.w.org\/{rel}","templated":true}]}}