{"id":11845,"date":"2023-03-18T09:22:37","date_gmt":"2023-03-18T12:22:37","guid":{"rendered":"https:\/\/radiostudiow.com.br\/site\/?p=11845"},"modified":"2025-01-31T15:06:56","modified_gmt":"2025-01-31T18:06:56","slug":"secretaria-da-cultura-e-turismo-de-mallet-promove-feira-eu-que-fiz","status":"publish","type":"post","link":"https:\/\/radiostudiow.com.br\/site\/2023\/03\/18\/secretaria-da-cultura-e-turismo-de-mallet-promove-feira-eu-que-fiz\/","title":{"rendered":"SECRETARIA DA CULTURA E TURISMO DE MALLET PROMOVE FEIRA &#8220;EU QUE FIZ&#8221;"},"content":{"rendered":"\n<p>Neste domingo dia 19 de mar\u00e7o a Secretaria de Cultura e Turismo da Prefeitura Municipal de Mallet estar\u00e1 realizando a 1\u00aa Feira &#8220;EU QUE FIZ&#8221; .<\/p>\n\n\n\n<figure class=\"wp-block-image size-full\"><img decoding=\"async\" src=\"https:\/\/radiostudiow.com.br\/site\/wp-content\/uploads\/2023\/02\/image-20.png\" alt=\"\" class=\"wp-image-11402\"\/><\/figure>\n\n\n\n<p>O evento acontecer\u00e1 no Parque dos Imigrantes a partir das 14:00 horas e ter\u00e1 a participa\u00e7\u00e3o de mais de 30 arteiros com suas artes, artesanatos e produtos artesanais.<\/p>\n\n\n\n<p>De acordo com a Secret\u00e1ria Municipal Maria Margarete Grden Szinvelski, a feira tem dois principais objetivos, que al\u00e9m de comemorar o Dia do Artes\u00e3o, \u00e9 tirar do anonimato,quem faz artesanato no munic\u00edpio. &#8221; Queremos mostrar um pouco do que os nossos artes\u00e3os produzem aqui em Mallet e al\u00e9m disso possibilitar para que tanto o artista como o consumidor possam sair satisfeitos com essa feira. Tenho certeza que ir\u00e3o se surpreender&#8221;, destacou Margarete a R\u00e1dio Studio W.<\/p>\n\n\n\n<p>Est\u00e1 a\u00ed, um convite pra voc\u00ea passar um domingo diferente e conhecendo mais um pouco do que a nossa cidade tem de especial para toda a sua fam\u00edlia.<\/p>\n\n\n\n<figure class=\"wp-block-image size-full\"><img decoding=\"async\" src=\"https:\/\/radiostudiow.com.br\/site\/wp-content\/uploads\/2023\/02\/image-12.png\" alt=\"\" class=\"wp-image-11282\"\/><\/figure>\n","protected":false},"excerpt":{"rendered":"<p>Neste domingo dia 19 de mar\u00e7o a Secretaria de Cultura e Turismo da Prefeitura Municipal de Mallet estar\u00e1 realizando a 1\u00aa Feira &#8220;EU QUE FIZ&#8221; . O evento acontecer\u00e1 no Parque dos Imigrantes a partir das 14:00 horas e ter\u00e1 a participa\u00e7\u00e3o de mais de 30 arteiros com suas artes, artesanatos e produtos artesanais. De [&hellip;]<\/p>\n","protected":false},"author":2,"featured_media":11846,"comment_status":"open","ping_status":"open","sticky":false,"template":"","format":"standard","meta":{"footnotes":""},"categories":[184],"tags":[172],"class_list":["post-11845","post","type-post","status-publish","format-standard","has-post-thumbnail","hentry","category-local","tag-featured"],"amp_enabled":true,"_links":{"self":[{"href":"https:\/\/radiostudiow.com.br\/site\/wp-json\/wp\/v2\/posts\/11845","targetHints":{"allow":["GET"]}}],"collection":[{"href":"https:\/\/radiostudiow.com.br\/site\/wp-json\/wp\/v2\/posts"}],"about":[{"href":"https:\/\/radiostudiow.com.br\/site\/wp-json\/wp\/v2\/types\/post"}],"author":[{"embeddable":true,"href":"https:\/\/radiostudiow.com.br\/site\/wp-json\/wp\/v2\/users\/2"}],"replies":[{"embeddable":true,"href":"https:\/\/radiostudiow.com.br\/site\/wp-json\/wp\/v2\/comments?post=11845"}],"version-history":[{"count":1,"href":"https:\/\/radiostudiow.com.br\/site\/wp-json\/wp\/v2\/posts\/11845\/revisions"}],"predecessor-version":[{"id":11847,"href":"https:\/\/radiostudiow.com.br\/site\/wp-json\/wp\/v2\/posts\/11845\/revisions\/11847"}],"wp:featuredmedia":[{"embeddable":true,"href":"https:\/\/radiostudiow.com.br\/site\/wp-json\/wp\/v2\/media\/11846"}],"wp:attachment":[{"href":"https:\/\/radiostudiow.com.br\/site\/wp-json\/wp\/v2\/media?parent=11845"}],"wp:term":[{"taxonomy":"category","embeddable":true,"href":"https:\/\/radiostudiow.com.br\/site\/wp-json\/wp\/v2\/categories?post=11845"},{"taxonomy":"post_tag","embeddable":true,"href":"https:\/\/radiostudiow.com.br\/site\/wp-json\/wp\/v2\/tags?post=11845"}],"curies":[{"name":"wp","href":"https:\/\/api.w.org\/{rel}","templated":true}]}}