{"id":11861,"date":"2023-03-20T11:01:16","date_gmt":"2023-03-20T14:01:16","guid":{"rendered":"https:\/\/radiostudiow.com.br\/site\/?p=11861"},"modified":"2025-01-31T15:06:55","modified_gmt":"2025-01-31T18:06:55","slug":"resultados-jogos-de-verao-2023-em-rio-claro-do-sul-18-e-19-03","status":"publish","type":"post","link":"https:\/\/radiostudiow.com.br\/site\/2023\/03\/20\/resultados-jogos-de-verao-2023-em-rio-claro-do-sul-18-e-19-03\/","title":{"rendered":"RESULTADOS JOGOS DE VER\u00c3O 2023 EM RIO CLARO DO SUL (18 e 19\/03)"},"content":{"rendered":"\n<p><strong>CONFIRA COMO FOI O 01\u00ba E 2\u00ba DIA DE COMPETI\u00c7\u00d5ES, REALIZADOS NOS DIAS 18 E 19 DE MAR\u00c7O DE 2023 NESSE S\u00c1BADO E DOMINGO NAS QUADRAS DE AREIA EM RIO CLARO DO SUL.<\/strong><\/p>\n\n\n\n<figure class=\"wp-block-image size-large\"><img decoding=\"async\" src=\"https:\/\/radiostudiow.com.br\/site\/wp-content\/uploads\/2023\/03\/333961748_218140324032662_8763106638246866213_n-1024x452.png\" alt=\"\" class=\"wp-image-11670\"\/><\/figure>\n\n\n\n<h2 class=\"wp-block-heading\"><strong>CONFIRA A BAIXO O DIA 18 DE MAR\u00c7O &#8211; S\u00c1BADO<\/strong><\/h2>\n\n\n\n<figure class=\"wp-block-table\"><table><tbody><tr><td><strong>HOR\u00c1RIO<\/strong><\/td><td><strong>CATEGORIA<\/strong><\/td><td><strong>EQUIPES<\/strong><\/td><td><strong>CHAVE<\/strong><\/td><\/tr><tr><td>14:00 horas<\/td><td>SUB 15<\/td><td><strong><em>LA F\u00daRIA 02 x 15 MAGNOS F.C<\/em><\/strong><\/td><td>\u00daNICA<\/td><\/tr><tr><td>SEQU\u00caNCIA<\/td><td>SUB 15<\/td><td><em><strong>RED BULL 01 x 03 RIO CLARO<\/strong><\/em><\/td><td>\u00daNICA<\/td><\/tr><tr><td>SEQU\u00caNCIA<\/td><td>SUB 17<\/td><td><em><strong>RED BULL 04 x 04 RIO CLARO F. C<\/strong><\/em><\/td><td>\u00daNICA<\/td><\/tr><tr><td>SEQU\u00caNCIA<\/td><td>SUB 17<\/td><td><em><strong>MAGNOS F.C 06 x 02 ELDORADO<\/strong><\/em><\/td><td>\u00daNICA<\/td><\/tr><tr><td>SEQU\u00caNCIA<\/td><td>FEM. LIVRE<\/td><td><em><strong>CALANGOS F. C 01 x 02 AJAX FEMININO<\/strong><\/em><\/td><td>\u00daNICA<\/td><\/tr><tr><td>SEQU\u00caNCIA<\/td><td>FEM. LIVRE<\/td><td><em><strong>ALCATEIA DO NORTE 03 x 04 MENINAS DA VILA<\/strong><\/em><\/td><td>\u00daNICA<\/td><\/tr><tr><td>SEQU\u00caNCIA<\/td><td>MASC. LIVRE<\/td><td><strong><em>COLORADO 00 x 04 ROMA F.C<\/em><\/strong><\/td><td>A<\/td><\/tr><tr><td>SEQU\u00caNCIA<\/td><td>MASC. LIVRE<\/td><td><strong><em>RIO CLARO B 08 x 03 PALMEIRINHA<\/em><\/strong><\/td><td>A<\/td><\/tr><tr><td>SEQU\u00caNCIA<\/td><td>MASC. LIVRE<\/td><td><strong><em>\u00c1GUA SANTA 03 x 02 RIO CLARO A<\/em><\/strong><\/td><td>B<\/td><\/tr><\/tbody><\/table><\/figure>\n\n\n\n<figure class=\"wp-block-image size-full\"><img decoding=\"async\" src=\"https:\/\/radiostudiow.com.br\/site\/wp-content\/uploads\/2023\/02\/image-26.png\" alt=\"\" class=\"wp-image-11435\"\/><\/figure>\n\n\n\n<figure class=\"wp-block-image size-large\"><img loading=\"lazy\" decoding=\"async\" width=\"768\" height=\"1024\" src=\"https:\/\/radiostudiow.com.br\/site\/wp-content\/uploads\/2023\/03\/WhatsApp-Image-2023-03-20-at-10.21.42-768x1024.jpeg\" alt=\"\" class=\"wp-image-11868\" srcset=\"https:\/\/radiostudiow.com.br\/site\/wp-content\/uploads\/2023\/03\/WhatsApp-Image-2023-03-20-at-10.21.42-768x1024.jpeg 768w, https:\/\/radiostudiow.com.br\/site\/wp-content\/uploads\/2023\/03\/WhatsApp-Image-2023-03-20-at-10.21.42-225x300.jpeg 225w, https:\/\/radiostudiow.com.br\/site\/wp-content\/uploads\/2023\/03\/WhatsApp-Image-2023-03-20-at-10.21.42-1152x1536.jpeg 1152w, https:\/\/radiostudiow.com.br\/site\/wp-content\/uploads\/2023\/03\/WhatsApp-Image-2023-03-20-at-10.21.42.jpeg 1200w\" sizes=\"auto, (max-width: 768px) 100vw, 768px\" \/><\/figure>\n\n\n\n<h2 class=\"wp-block-heading\"><strong>CONFIRA A BAIXO O DIA 19 DE MAR\u00c7O &#8211; DOMINGO<\/strong><\/h2>\n\n\n\n<figure class=\"wp-block-table\"><table><tbody><tr><td><strong>HOR\u00c1RIO<\/strong><\/td><td><strong>CATEGORIA<\/strong><\/td><td><strong>EQUIPES<\/strong><\/td><td><strong>CHAVE<\/strong><\/td><\/tr><tr><td>14:30 horas<\/td><td>SUB 17<\/td><td><strong><em>RIO CLARO F. C. 05 x 06 MAGNOS F.C<\/em><\/strong><\/td><td>\u00daNICA<\/td><\/tr><tr><td>SEQU\u00caNCIA<\/td><td>SUB 17<\/td><td><strong><em>ELDORADO 02 x 01 RED BULL<\/em><\/strong><\/td><td>\u00daNICA<\/td><\/tr><tr><td>SEQU\u00caNCIA<\/td><td>FEM. LIVRE<\/td><td><em><strong>AJAX FEMININO 04 x 00 ALCATEIA DO NORTE<\/strong><\/em><\/td><td>\u00daNICA<\/td><\/tr><tr><td>SEQU\u00caNCIA<\/td><td>FEM. LIVRE<\/td><td><em><strong>MENINAS DA VILA 00 x 03 CALANGOS F.C<\/strong><\/em><\/td><td>\u00daNICA<\/td><\/tr><tr><td>SEQU\u00caNCIA<\/td><td>MASC. LIVRE<\/td><td><em><strong>\u00c1GUA SANTA 02 x 03 JARDIM EM\u00cdLIA<\/strong><\/em><\/td><td>B<\/td><\/tr><tr><td>SEQU\u00caNCIA<\/td><td>MASC. LIVRE<\/td><td><em><strong>RIO CLARO B 02 x 04 ROMA F.C<\/strong><\/em><\/td><td>A<\/td><\/tr><tr><td>SEQU\u00caNCIA<\/td><td>MASC. LIVRE<\/td><td><strong><em>COLORADO 02 x 00 PALMEIRINHA<\/em><\/strong><\/td><td>A<\/td><\/tr><\/tbody><\/table><\/figure>\n\n\n\n<p><strong>FOTOS DO PRIMEIRO FINAL DE SEMANA DE COMPETI\u00c7\u00c3O DOS JOGOS DE VER\u00c3O NAS QUADRAS DE AREIA EM RIO CLARO DO SUL<\/strong><\/p>\n\n\n\n<figure class=\"wp-block-gallery has-nested-images columns-default is-cropped wp-block-gallery-1 is-layout-flex wp-block-gallery-is-layout-flex\">\n<figure class=\"wp-block-image size-large\"><img loading=\"lazy\" decoding=\"async\" width=\"1024\" height=\"768\" data-id=\"11865\" src=\"https:\/\/radiostudiow.com.br\/site\/wp-content\/uploads\/2023\/03\/WhatsApp-Image-2023-03-20-at-10.21.43-2-1024x768.jpeg\" alt=\"\" class=\"wp-image-11865\" srcset=\"https:\/\/radiostudiow.com.br\/site\/wp-content\/uploads\/2023\/03\/WhatsApp-Image-2023-03-20-at-10.21.43-2-1024x768.jpeg 1024w, https:\/\/radiostudiow.com.br\/site\/wp-content\/uploads\/2023\/03\/WhatsApp-Image-2023-03-20-at-10.21.43-2-300x225.jpeg 300w, https:\/\/radiostudiow.com.br\/site\/wp-content\/uploads\/2023\/03\/WhatsApp-Image-2023-03-20-at-10.21.43-2-768x576.jpeg 768w, https:\/\/radiostudiow.com.br\/site\/wp-content\/uploads\/2023\/03\/WhatsApp-Image-2023-03-20-at-10.21.43-2-1536x1152.jpeg 1536w, https:\/\/radiostudiow.com.br\/site\/wp-content\/uploads\/2023\/03\/WhatsApp-Image-2023-03-20-at-10.21.43-2.jpeg 1600w\" sizes=\"auto, (max-width: 1024px) 100vw, 1024px\" \/><\/figure>\n\n\n\n<figure class=\"wp-block-image size-large\"><img loading=\"lazy\" decoding=\"async\" width=\"1024\" height=\"768\" data-id=\"11867\" src=\"https:\/\/radiostudiow.com.br\/site\/wp-content\/uploads\/2023\/03\/WhatsApp-Image-2023-03-20-at-10.21.43-1024x768.jpeg\" alt=\"\" class=\"wp-image-11867\" srcset=\"https:\/\/radiostudiow.com.br\/site\/wp-content\/uploads\/2023\/03\/WhatsApp-Image-2023-03-20-at-10.21.43-1024x768.jpeg 1024w, https:\/\/radiostudiow.com.br\/site\/wp-content\/uploads\/2023\/03\/WhatsApp-Image-2023-03-20-at-10.21.43-300x225.jpeg 300w, https:\/\/radiostudiow.com.br\/site\/wp-content\/uploads\/2023\/03\/WhatsApp-Image-2023-03-20-at-10.21.43-768x576.jpeg 768w, https:\/\/radiostudiow.com.br\/site\/wp-content\/uploads\/2023\/03\/WhatsApp-Image-2023-03-20-at-10.21.43-1536x1152.jpeg 1536w, https:\/\/radiostudiow.com.br\/site\/wp-content\/uploads\/2023\/03\/WhatsApp-Image-2023-03-20-at-10.21.43.jpeg 1600w\" sizes=\"auto, (max-width: 1024px) 100vw, 1024px\" \/><\/figure>\n\n\n\n<figure class=\"wp-block-image size-large\"><img loading=\"lazy\" decoding=\"async\" width=\"1024\" height=\"768\" data-id=\"11866\" src=\"https:\/\/radiostudiow.com.br\/site\/wp-content\/uploads\/2023\/03\/WhatsApp-Image-2023-03-20-at-10.21.44-1024x768.jpeg\" alt=\"\" class=\"wp-image-11866\" srcset=\"https:\/\/radiostudiow.com.br\/site\/wp-content\/uploads\/2023\/03\/WhatsApp-Image-2023-03-20-at-10.21.44-1024x768.jpeg 1024w, https:\/\/radiostudiow.com.br\/site\/wp-content\/uploads\/2023\/03\/WhatsApp-Image-2023-03-20-at-10.21.44-300x225.jpeg 300w, https:\/\/radiostudiow.com.br\/site\/wp-content\/uploads\/2023\/03\/WhatsApp-Image-2023-03-20-at-10.21.44-768x576.jpeg 768w, https:\/\/radiostudiow.com.br\/site\/wp-content\/uploads\/2023\/03\/WhatsApp-Image-2023-03-20-at-10.21.44-1536x1152.jpeg 1536w, https:\/\/radiostudiow.com.br\/site\/wp-content\/uploads\/2023\/03\/WhatsApp-Image-2023-03-20-at-10.21.44.jpeg 1600w\" sizes=\"auto, (max-width: 1024px) 100vw, 1024px\" \/><\/figure>\n<\/figure>\n","protected":false},"excerpt":{"rendered":"<p>CONFIRA COMO FOI O 01\u00ba E 2\u00ba DIA DE COMPETI\u00c7\u00d5ES, REALIZADOS NOS DIAS 18 E 19 DE MAR\u00c7O DE 2023 NESSE S\u00c1BADO E DOMINGO NAS QUADRAS DE AREIA EM RIO CLARO DO SUL. CONFIRA A BAIXO O DIA 18 DE MAR\u00c7O &#8211; S\u00c1BADO HOR\u00c1RIO CATEGORIA EQUIPES CHAVE 14:00 horas SUB 15 LA F\u00daRIA 02 x [&hellip;]<\/p>\n","protected":false},"author":2,"featured_media":11864,"comment_status":"open","ping_status":"open","sticky":false,"template":"","format":"standard","meta":{"footnotes":""},"categories":[184],"tags":[172],"class_list":["post-11861","post","type-post","status-publish","format-standard","has-post-thumbnail","hentry","category-local","tag-featured"],"amp_enabled":true,"_links":{"self":[{"href":"https:\/\/radiostudiow.com.br\/site\/wp-json\/wp\/v2\/posts\/11861","targetHints":{"allow":["GET"]}}],"collection":[{"href":"https:\/\/radiostudiow.com.br\/site\/wp-json\/wp\/v2\/posts"}],"about":[{"href":"https:\/\/radiostudiow.com.br\/site\/wp-json\/wp\/v2\/types\/post"}],"author":[{"embeddable":true,"href":"https:\/\/radiostudiow.com.br\/site\/wp-json\/wp\/v2\/users\/2"}],"replies":[{"embeddable":true,"href":"https:\/\/radiostudiow.com.br\/site\/wp-json\/wp\/v2\/comments?post=11861"}],"version-history":[{"count":3,"href":"https:\/\/radiostudiow.com.br\/site\/wp-json\/wp\/v2\/posts\/11861\/revisions"}],"predecessor-version":[{"id":11878,"href":"https:\/\/radiostudiow.com.br\/site\/wp-json\/wp\/v2\/posts\/11861\/revisions\/11878"}],"wp:featuredmedia":[{"embeddable":true,"href":"https:\/\/radiostudiow.com.br\/site\/wp-json\/wp\/v2\/media\/11864"}],"wp:attachment":[{"href":"https:\/\/radiostudiow.com.br\/site\/wp-json\/wp\/v2\/media?parent=11861"}],"wp:term":[{"taxonomy":"category","embeddable":true,"href":"https:\/\/radiostudiow.com.br\/site\/wp-json\/wp\/v2\/categories?post=11861"},{"taxonomy":"post_tag","embeddable":true,"href":"https:\/\/radiostudiow.com.br\/site\/wp-json\/wp\/v2\/tags?post=11861"}],"curies":[{"name":"wp","href":"https:\/\/api.w.org\/{rel}","templated":true}]}}