{"id":12062,"date":"2023-03-30T16:44:14","date_gmt":"2023-03-30T19:44:14","guid":{"rendered":"https:\/\/radiostudiow.com.br\/site\/?p=12062"},"modified":"2025-01-31T15:06:54","modified_gmt":"2025-01-31T18:06:54","slug":"finais-dos-jogos-de-verao-2023-em-rio-claro-do-sul-25-e-26-03","status":"publish","type":"post","link":"https:\/\/radiostudiow.com.br\/site\/2023\/03\/30\/finais-dos-jogos-de-verao-2023-em-rio-claro-do-sul-25-e-26-03\/","title":{"rendered":"FINAIS DOS JOGOS DE VER\u00c3O 2023 EM RIO CLARO DO SUL (25 e 26\/03)"},"content":{"rendered":"\n<p><strong>CONFIRA COMO FOI AS FINAIS DE COMPETI\u00c7\u00d5ES, REALIZADOS NOS DIAS 25 E 26 DE MAR\u00c7O DE 2023 NESSE S\u00c1BADO E DOMINGO NAS QUADRAS DE AREIA EM RIO CLARO DO SUL.<\/strong><\/p>\n\n\n\n<figure class=\"wp-block-image size-full\"><img decoding=\"async\" src=\"https:\/\/radiostudiow.com.br\/site\/wp-content\/uploads\/2023\/02\/image-12.png\" alt=\"\" class=\"wp-image-11282\"\/><\/figure>\n\n\n\n<blockquote class=\"wp-block-quote is-layout-flow wp-block-quote-is-layout-flow\">\n<p>V\u00d4LEI DE AREIA \u2013 FEMININO LIVRE<\/p>\n<\/blockquote>\n\n\n\n<figure class=\"wp-block-table\"><table><tbody><tr><td><strong>1\u00ba LUGAR<\/strong><\/td><td>ADRIANE E THA\u00cdS<\/td><\/tr><tr><td><strong>2\u00ba LUGAR<\/strong><\/td><td>SARAH E CAMILA<\/td><\/tr><tr><td><strong>3\u00ba LUGAR<\/strong><\/td><td>MARIA E F\u00c1TIMA<\/td><\/tr><\/tbody><\/table><\/figure>\n\n\n\n<blockquote class=\"wp-block-quote is-layout-flow wp-block-quote-is-layout-flow\">\n<p>V\u00d4LEI DE AREIA \u2013 MASCULINO LIVRE<\/p>\n<\/blockquote>\n\n\n\n<figure class=\"wp-block-table\"><table><tbody><tr><td><strong>1\u00ba LUGAR<\/strong><\/td><td>AUGUSTO E C\u00c9SAR<\/td><\/tr><tr><td><strong>2\u00ba LUGAR<\/strong><\/td><td>LAURENTINO E WILSON<\/td><\/tr><tr><td><strong>3\u00ba LUGAR<\/strong><\/td><td>ROG\u00c9RIO E ANACLETO<\/td><\/tr><\/tbody><\/table><\/figure>\n\n\n\n<blockquote class=\"wp-block-quote is-layout-flow wp-block-quote-is-layout-flow\">\n<p>FUTEBOL DE AREIA \u2013 SUB 15 MASCULINO<\/p>\n<\/blockquote>\n\n\n\n<figure class=\"wp-block-table\"><table><tbody><tr><td><strong>1\u00ba LUGAR<\/strong><\/td><td>RIO CLARO<\/td><\/tr><tr><td><strong>2\u00ba LUGAR<\/strong><\/td><td>RED BULL<\/td><\/tr><tr><td><strong>3\u00ba LUGAR<\/strong><\/td><td>MAGNOS F. C<\/td><\/tr><\/tbody><\/table><\/figure>\n\n\n\n<h2 class=\"wp-block-heading\">ARTILHEIRO &#8211; JO\u00c3O F. MARCINIAK &#8211; RIO CLARO &#8211; COM 04 GOLS<\/h2>\n\n\n\n<h2 class=\"wp-block-heading\">ARTILHEIRO &#8211; MATEUS MACHADO &#8211; RED BULL &#8211; COM 04 GOLS<\/h2>\n\n\n\n<blockquote class=\"wp-block-quote is-layout-flow wp-block-quote-is-layout-flow\">\n<p>FUTEBOL DE AREIA \u2013 SUB 17 MASCULINO<\/p>\n<\/blockquote>\n\n\n\n<figure class=\"wp-block-table\"><table><tbody><tr><td><strong>1\u00ba LUGAR<\/strong><\/td><td>MAGNOS F. C<\/td><\/tr><tr><td><strong>2\u00ba LUGAR<\/strong><\/td><td>ELDORADO<\/td><\/tr><tr><td><strong>3\u00ba LUGAR<\/strong><\/td><td>RIO CLARO F. C<\/td><\/tr><\/tbody><\/table><\/figure>\n\n\n\n<h2 class=\"wp-block-heading\">ARTILHEIRO &#8211; GABRIEL WROBLEWSKI &#8211; ELDORADO &#8211; COM 07 GOLS<\/h2>\n\n\n\n<h2 class=\"wp-block-heading\">ARTILHEIRO &#8211; NATHAN BARANEK &#8211; RIO CLARO F. C &#8211; COM 07 GOLS<\/h2>\n\n\n\n<figure class=\"wp-block-image size-full\"><img loading=\"lazy\" decoding=\"async\" width=\"768\" height=\"175\" src=\"https:\/\/radiostudiow.com.br\/site\/wp-content\/uploads\/2023\/03\/image-22.png\" alt=\"\" class=\"wp-image-12046\" srcset=\"https:\/\/radiostudiow.com.br\/site\/wp-content\/uploads\/2023\/03\/image-22.png 768w, https:\/\/radiostudiow.com.br\/site\/wp-content\/uploads\/2023\/03\/image-22-300x68.png 300w\" sizes=\"auto, (max-width: 768px) 100vw, 768px\" \/><\/figure>\n\n\n\n<blockquote class=\"wp-block-quote is-layout-flow wp-block-quote-is-layout-flow\">\n<p>FUTEBOL DE AREIA \u2013 FEMININO LIVRE<\/p>\n<\/blockquote>\n\n\n\n<figure class=\"wp-block-table\"><table><tbody><tr><td><strong>1\u00ba LUGAR<\/strong><\/td><td>AJAX FEMININO<\/td><\/tr><tr><td><strong>2\u00ba LUGAR<\/strong><\/td><td>CALANGOS F. C<\/td><\/tr><tr><td><strong>3\u00ba LUGAR<\/strong><\/td><td>MENINAS DA VILA<\/td><\/tr><\/tbody><\/table><\/figure>\n\n\n\n<h2 class=\"wp-block-heading\">ARTILHEIRO &#8211; CARLA J. DOS SANTOS &#8211; AJAX FEMININO &#8211; COM 07 GOLS<\/h2>\n\n\n\n<blockquote class=\"wp-block-quote is-layout-flow wp-block-quote-is-layout-flow\">\n<p>FUTEBOL DE AREIA \u2013 MASCULINO LIVRE<\/p>\n<\/blockquote>\n\n\n\n<figure class=\"wp-block-table\"><table><tbody><tr><td><strong>1\u00ba LUGAR<\/strong><\/td><td>ROMA F. C<\/td><\/tr><tr><td><strong>2\u00ba LUGAR<\/strong><\/td><td>JARDIM EM\u00cdLIA<\/td><\/tr><tr><td><strong>3\u00ba LUGAR<\/strong><\/td><td>\u00c1GUA SANTA<\/td><\/tr><\/tbody><\/table><\/figure>\n\n\n\n<h2 class=\"wp-block-heading\">ARTILHEIRO &#8211; SILVIO KULKA &#8211; RIO CLARO B &#8211; COM 08 GOLS<\/h2>\n","protected":false},"excerpt":{"rendered":"<p>CONFIRA COMO FOI AS FINAIS DE COMPETI\u00c7\u00d5ES, REALIZADOS NOS DIAS 25 E 26 DE MAR\u00c7O DE 2023 NESSE S\u00c1BADO E DOMINGO NAS QUADRAS DE AREIA EM RIO CLARO DO SUL. V\u00d4LEI DE AREIA \u2013 FEMININO LIVRE 1\u00ba LUGAR ADRIANE E THA\u00cdS 2\u00ba LUGAR SARAH E CAMILA 3\u00ba LUGAR MARIA E F\u00c1TIMA V\u00d4LEI DE AREIA \u2013 [&hellip;]<\/p>\n","protected":false},"author":2,"featured_media":11864,"comment_status":"open","ping_status":"open","sticky":false,"template":"","format":"standard","meta":{"footnotes":""},"categories":[184],"tags":[172],"class_list":["post-12062","post","type-post","status-publish","format-standard","has-post-thumbnail","hentry","category-local","tag-featured"],"amp_enabled":true,"_links":{"self":[{"href":"https:\/\/radiostudiow.com.br\/site\/wp-json\/wp\/v2\/posts\/12062","targetHints":{"allow":["GET"]}}],"collection":[{"href":"https:\/\/radiostudiow.com.br\/site\/wp-json\/wp\/v2\/posts"}],"about":[{"href":"https:\/\/radiostudiow.com.br\/site\/wp-json\/wp\/v2\/types\/post"}],"author":[{"embeddable":true,"href":"https:\/\/radiostudiow.com.br\/site\/wp-json\/wp\/v2\/users\/2"}],"replies":[{"embeddable":true,"href":"https:\/\/radiostudiow.com.br\/site\/wp-json\/wp\/v2\/comments?post=12062"}],"version-history":[{"count":3,"href":"https:\/\/radiostudiow.com.br\/site\/wp-json\/wp\/v2\/posts\/12062\/revisions"}],"predecessor-version":[{"id":12091,"href":"https:\/\/radiostudiow.com.br\/site\/wp-json\/wp\/v2\/posts\/12062\/revisions\/12091"}],"wp:featuredmedia":[{"embeddable":true,"href":"https:\/\/radiostudiow.com.br\/site\/wp-json\/wp\/v2\/media\/11864"}],"wp:attachment":[{"href":"https:\/\/radiostudiow.com.br\/site\/wp-json\/wp\/v2\/media?parent=12062"}],"wp:term":[{"taxonomy":"category","embeddable":true,"href":"https:\/\/radiostudiow.com.br\/site\/wp-json\/wp\/v2\/categories?post=12062"},{"taxonomy":"post_tag","embeddable":true,"href":"https:\/\/radiostudiow.com.br\/site\/wp-json\/wp\/v2\/tags?post=12062"}],"curies":[{"name":"wp","href":"https:\/\/api.w.org\/{rel}","templated":true}]}}