{"id":12076,"date":"2023-03-29T20:42:34","date_gmt":"2023-03-29T23:42:34","guid":{"rendered":"https:\/\/radiostudiow.com.br\/site\/?p=12076"},"modified":"2025-01-31T15:06:54","modified_gmt":"2025-01-31T18:06:54","slug":"policiais-civis-da-10a-drp-participam-de-aniversario-de-uma-menina-em-mallet","status":"publish","type":"post","link":"https:\/\/radiostudiow.com.br\/site\/2023\/03\/29\/policiais-civis-da-10a-drp-participam-de-aniversario-de-uma-menina-em-mallet\/","title":{"rendered":"POLICIAIS CIVIS DA 10\u00aa DRP PARTICIPAM DE ANIVERS\u00c1RIO DE UMA MENINA EM MALLET"},"content":{"rendered":"\n<p><strong><em>No s\u00e1bado dia 25 de mar\u00e7o foi de muita emo\u00e7\u00e3o para uma menininha de apenas 11 anos.<\/em><\/strong><\/p>\n\n\n\n<figure class=\"wp-block-image size-full\"><img decoding=\"async\" src=\"https:\/\/radiostudiow.com.br\/site\/wp-content\/uploads\/2023\/02\/image-21.png\" alt=\"\" class=\"wp-image-11405\"\/><\/figure>\n\n\n\n<p><br>Em sua festa de anivers\u00e1rio ela recebeu a presen\u00e7a de duas policiais civis pertencentes a 10\u00aa DRP (Delegacia Regional da Policia Civil de Mallet).<br>De acordo com a assessoria de imprensa da PCPR, duas policiais acompanharam a festa ap\u00f3s a crian\u00e7a demonstrar interesse pela institui\u00e7\u00e3o.<br>De acordo com a Delegada Dra. Natalina Nichel, dias antes a aniversariante comentou com uma escriv\u00e3 e uma investigadora do munic\u00edpio o quanto gostava da Pol\u00edcia Civil, demonstrando carinho e respeito pelas profissionais. Em raz\u00e3o disso, as servidoras decidiram participar do anivers\u00e1rio. <em>\u201cEssa a\u00e7\u00e3o refor\u00e7a o compromisso com a popula\u00e7\u00e3o de todas as maneiras, tanto no nosso prop\u00f3sito policial quanto na parte social, sendo bem importante na aproxima\u00e7\u00e3o da institui\u00e7\u00e3o com a comunidade\u201d,<\/em> ressaltou Nichel.<\/p>\n\n\n\n<p><br><strong><em>Parab\u00e9ns as policiais e a Policia Civil de Mallet, por esse simples ato, mas que com certeza ficar\u00e1 guardada na lembran\u00e7a dessa futura adolescente e quem sabe um dia uma policial.<\/em><\/strong><\/p>\n\n\n\n<figure class=\"wp-block-image size-full\"><img decoding=\"async\" src=\"https:\/\/radiostudiow.com.br\/site\/wp-content\/uploads\/2023\/02\/image-20.png\" alt=\"\" class=\"wp-image-11402\"\/><\/figure>\n","protected":false},"excerpt":{"rendered":"<p>No s\u00e1bado dia 25 de mar\u00e7o foi de muita emo\u00e7\u00e3o para uma menininha de apenas 11 anos. Em sua festa de anivers\u00e1rio ela recebeu a presen\u00e7a de duas policiais civis pertencentes a 10\u00aa DRP (Delegacia Regional da Policia Civil de Mallet).De acordo com a assessoria de imprensa da PCPR, duas policiais acompanharam a festa ap\u00f3s [&hellip;]<\/p>\n","protected":false},"author":2,"featured_media":12077,"comment_status":"open","ping_status":"open","sticky":false,"template":"","format":"standard","meta":{"footnotes":""},"categories":[184],"tags":[172],"class_list":["post-12076","post","type-post","status-publish","format-standard","has-post-thumbnail","hentry","category-local","tag-featured"],"amp_enabled":true,"_links":{"self":[{"href":"https:\/\/radiostudiow.com.br\/site\/wp-json\/wp\/v2\/posts\/12076","targetHints":{"allow":["GET"]}}],"collection":[{"href":"https:\/\/radiostudiow.com.br\/site\/wp-json\/wp\/v2\/posts"}],"about":[{"href":"https:\/\/radiostudiow.com.br\/site\/wp-json\/wp\/v2\/types\/post"}],"author":[{"embeddable":true,"href":"https:\/\/radiostudiow.com.br\/site\/wp-json\/wp\/v2\/users\/2"}],"replies":[{"embeddable":true,"href":"https:\/\/radiostudiow.com.br\/site\/wp-json\/wp\/v2\/comments?post=12076"}],"version-history":[{"count":1,"href":"https:\/\/radiostudiow.com.br\/site\/wp-json\/wp\/v2\/posts\/12076\/revisions"}],"predecessor-version":[{"id":12078,"href":"https:\/\/radiostudiow.com.br\/site\/wp-json\/wp\/v2\/posts\/12076\/revisions\/12078"}],"wp:featuredmedia":[{"embeddable":true,"href":"https:\/\/radiostudiow.com.br\/site\/wp-json\/wp\/v2\/media\/12077"}],"wp:attachment":[{"href":"https:\/\/radiostudiow.com.br\/site\/wp-json\/wp\/v2\/media?parent=12076"}],"wp:term":[{"taxonomy":"category","embeddable":true,"href":"https:\/\/radiostudiow.com.br\/site\/wp-json\/wp\/v2\/categories?post=12076"},{"taxonomy":"post_tag","embeddable":true,"href":"https:\/\/radiostudiow.com.br\/site\/wp-json\/wp\/v2\/tags?post=12076"}],"curies":[{"name":"wp","href":"https:\/\/api.w.org\/{rel}","templated":true}]}}