{"id":12117,"date":"2023-03-31T18:45:13","date_gmt":"2023-03-31T21:45:13","guid":{"rendered":"https:\/\/radiostudiow.com.br\/site\/?p=12117"},"modified":"2025-01-31T15:06:53","modified_gmt":"2025-01-31T18:06:53","slug":"homem-e-preso-por-trafico-de-drogas-em-sao-mateus-do-sul","status":"publish","type":"post","link":"https:\/\/radiostudiow.com.br\/site\/2023\/03\/31\/homem-e-preso-por-trafico-de-drogas-em-sao-mateus-do-sul\/","title":{"rendered":"HOMEM \u00c9 PRESO POR TR\u00c1FICO DE DROGAS EM S\u00c3O MATEUS DO SUL"},"content":{"rendered":"\n<p><strong><em>O ve\u00edculo foi apreendido e o indiv\u00edduo preso, o qual estava em posse de cerca de 4,9kg de maconha e 250g de coca\u00edna.<\/em><\/strong><\/p>\n\n\n\n<figure class=\"wp-block-image size-full\"><img decoding=\"async\" src=\"https:\/\/radiostudiow.com.br\/site\/wp-content\/uploads\/2023\/02\/image-21.png\" alt=\"\" class=\"wp-image-11405\"\/><\/figure>\n\n\n\n<p>Durante uma abordagem da Pol\u00edcia Militar de S\u00e3o Mateus do Sul a&nbsp;um ve\u00edculo com produtos de furto, outro ve\u00edculo com caracter\u00edsticas de um ve\u00edculo com placas de Bituruna, utilizado por suspeita de tr\u00e1fico de drogas foi abordado&nbsp;por volta das 17:45 horas dessa quinta \u2013 feira (30).&nbsp;<\/p>\n\n\n\n<p>Em busca pessoal ao conduto, nada de il\u00edcito foi encontrado, durante vistoria no ve\u00edculo obtiveram \u00eaxito em localizar certa quantidade de drogas, realizando a apreens\u00e3o do ve\u00edculo e a pris\u00e3o de um indiv\u00edduo, o qual estava em posse de cerca de 4,9kg de maconha e 250g de coca\u00edna.&nbsp;<\/p>\n\n\n\n<p>Foi dada voz de pris\u00e3o ao condutor e conduzido para a delegacia local.&nbsp;<\/p>\n\n\n\n<figure class=\"wp-block-image size-full is-resized\"><img loading=\"lazy\" decoding=\"async\" src=\"https:\/\/radiostudiow.com.br\/site\/wp-content\/uploads\/2023\/02\/image-24.png\" alt=\"\" class=\"wp-image-11411\" width=\"598\" height=\"204\"\/><\/figure>\n\n\n\n<figure class=\"wp-block-image size-full\"><img loading=\"lazy\" decoding=\"async\" width=\"828\" height=\"598\" src=\"https:\/\/radiostudiow.com.br\/site\/wp-content\/uploads\/2023\/03\/23C56683-5511-4BA1-B4B4-22CCB0DE79E6-1.jpg\" alt=\"\" class=\"wp-image-12144\" srcset=\"https:\/\/radiostudiow.com.br\/site\/wp-content\/uploads\/2023\/03\/23C56683-5511-4BA1-B4B4-22CCB0DE79E6-1.jpg 828w, https:\/\/radiostudiow.com.br\/site\/wp-content\/uploads\/2023\/03\/23C56683-5511-4BA1-B4B4-22CCB0DE79E6-1-300x217.jpg 300w, https:\/\/radiostudiow.com.br\/site\/wp-content\/uploads\/2023\/03\/23C56683-5511-4BA1-B4B4-22CCB0DE79E6-1-768x555.jpg 768w\" sizes=\"auto, (max-width: 828px) 100vw, 828px\" \/><\/figure>\n","protected":false},"excerpt":{"rendered":"<p>O ve\u00edculo foi apreendido e o indiv\u00edduo preso, o qual estava em posse de cerca de 4,9kg de maconha e 250g de coca\u00edna. Durante uma abordagem da Pol\u00edcia Militar de S\u00e3o Mateus do Sul a&nbsp;um ve\u00edculo com produtos de furto, outro ve\u00edculo com caracter\u00edsticas de um ve\u00edculo com placas de Bituruna, utilizado por suspeita de [&hellip;]<\/p>\n","protected":false},"author":2,"featured_media":12143,"comment_status":"open","ping_status":"open","sticky":false,"template":"","format":"standard","meta":{"footnotes":""},"categories":[2],"tags":[172],"class_list":["post-12117","post","type-post","status-publish","format-standard","has-post-thumbnail","hentry","category-policial","tag-featured"],"amp_enabled":true,"_links":{"self":[{"href":"https:\/\/radiostudiow.com.br\/site\/wp-json\/wp\/v2\/posts\/12117","targetHints":{"allow":["GET"]}}],"collection":[{"href":"https:\/\/radiostudiow.com.br\/site\/wp-json\/wp\/v2\/posts"}],"about":[{"href":"https:\/\/radiostudiow.com.br\/site\/wp-json\/wp\/v2\/types\/post"}],"author":[{"embeddable":true,"href":"https:\/\/radiostudiow.com.br\/site\/wp-json\/wp\/v2\/users\/2"}],"replies":[{"embeddable":true,"href":"https:\/\/radiostudiow.com.br\/site\/wp-json\/wp\/v2\/comments?post=12117"}],"version-history":[{"count":2,"href":"https:\/\/radiostudiow.com.br\/site\/wp-json\/wp\/v2\/posts\/12117\/revisions"}],"predecessor-version":[{"id":12148,"href":"https:\/\/radiostudiow.com.br\/site\/wp-json\/wp\/v2\/posts\/12117\/revisions\/12148"}],"wp:featuredmedia":[{"embeddable":true,"href":"https:\/\/radiostudiow.com.br\/site\/wp-json\/wp\/v2\/media\/12143"}],"wp:attachment":[{"href":"https:\/\/radiostudiow.com.br\/site\/wp-json\/wp\/v2\/media?parent=12117"}],"wp:term":[{"taxonomy":"category","embeddable":true,"href":"https:\/\/radiostudiow.com.br\/site\/wp-json\/wp\/v2\/categories?post=12117"},{"taxonomy":"post_tag","embeddable":true,"href":"https:\/\/radiostudiow.com.br\/site\/wp-json\/wp\/v2\/tags?post=12117"}],"curies":[{"name":"wp","href":"https:\/\/api.w.org\/{rel}","templated":true}]}}