{"id":12152,"date":"2023-04-01T10:17:38","date_gmt":"2023-04-01T13:17:38","guid":{"rendered":"https:\/\/radiostudiow.com.br\/site\/?p=12152"},"modified":"2025-01-31T15:06:53","modified_gmt":"2025-01-31T18:06:53","slug":"pm-de-paulo-frontin-prende-homem-com-celulares-furtados-de-mallet","status":"publish","type":"post","link":"https:\/\/radiostudiow.com.br\/site\/2023\/04\/01\/pm-de-paulo-frontin-prende-homem-com-celulares-furtados-de-mallet\/","title":{"rendered":"PM DE PAULO FRONTIN PRENDE HOMEM COM CELULARES FURTADOS EM MALLET"},"content":{"rendered":"\n<p><strong><em>Com o autor foi encontrado um celular Iphone 8, o qual estava com a tela bloqueada por erro de senha, um celular Samsung, dois vidros de perfumes, um rel\u00f3gio de pulso e tr\u00eas cart\u00f5es de banco.&nbsp;<\/em><\/strong><\/p>\n\n\n\n<figure class=\"wp-block-image size-full\"><img decoding=\"async\" src=\"https:\/\/radiostudiow.com.br\/site\/wp-content\/uploads\/2023\/02\/image-12.png\" alt=\"\" class=\"wp-image-11282\"\/><\/figure>\n\n\n\n<p>A equipe da Pol\u00edcia Militar de Paulo Frontin estava realizando patrulhamento quando avistou um homem suspeito de furto na \u00e1rea central da cidade por volta das 01:00 horas da madrugada dessa sexta-feira (31).&nbsp;<\/p>\n\n\n\n<p>O suspeito foi abordado na&nbsp;rua Quatorze de Dezembro e em revista pessoal foi encontrado com o mesmo um celular Iphone 8, com a tela bloqueada por erro de senha, um celular Samsung, dois vidros de perfumes, um rel\u00f3gio de pulso e tr\u00eas cart\u00f5es de banco.&nbsp;<\/p>\n\n\n\n<p>Diante da situa\u00e7\u00e3o a equipe pesquisou no sistema da Pol\u00edcia Militar, onde foi encontrado um boletim de ocorr\u00eancia de furto na cidade de Mallet,&nbsp;onde os objetos furtados foram um Iphone 8 e 2 Cart\u00f5es de Banco. Questionado o suspeito sobre os objetos, o mesmo relatou que teria comprado de outra pessoa pelo valor de R$ 50,00.&nbsp;<\/p>\n\n\n\n<p>Diante da situa\u00e7\u00e3o foram lidos seus direitos constitucionais e dado voz de pris\u00e3o e posteriormente encaminhado at\u00e9 a 4\u00aa SDP de Uni\u00e3o da Vit\u00f3ria para os procedimentos de pol\u00edcia judiciaria.&nbsp;<\/p>\n\n\n\n<figure class=\"wp-block-image size-full\"><img decoding=\"async\" src=\"https:\/\/radiostudiow.com.br\/site\/wp-content\/uploads\/2023\/02\/image-20.png\" alt=\"\" class=\"wp-image-11402\"\/><\/figure>\n","protected":false},"excerpt":{"rendered":"<p>Com o autor foi encontrado um celular Iphone 8, o qual estava com a tela bloqueada por erro de senha, um celular Samsung, dois vidros de perfumes, um rel\u00f3gio de pulso e tr\u00eas cart\u00f5es de banco.&nbsp; A equipe da Pol\u00edcia Militar de Paulo Frontin estava realizando patrulhamento quando avistou um homem suspeito de furto na [&hellip;]<\/p>\n","protected":false},"author":2,"featured_media":10718,"comment_status":"open","ping_status":"open","sticky":false,"template":"","format":"standard","meta":{"footnotes":""},"categories":[2],"tags":[172],"class_list":["post-12152","post","type-post","status-publish","format-standard","has-post-thumbnail","hentry","category-policial","tag-featured"],"amp_enabled":true,"_links":{"self":[{"href":"https:\/\/radiostudiow.com.br\/site\/wp-json\/wp\/v2\/posts\/12152","targetHints":{"allow":["GET"]}}],"collection":[{"href":"https:\/\/radiostudiow.com.br\/site\/wp-json\/wp\/v2\/posts"}],"about":[{"href":"https:\/\/radiostudiow.com.br\/site\/wp-json\/wp\/v2\/types\/post"}],"author":[{"embeddable":true,"href":"https:\/\/radiostudiow.com.br\/site\/wp-json\/wp\/v2\/users\/2"}],"replies":[{"embeddable":true,"href":"https:\/\/radiostudiow.com.br\/site\/wp-json\/wp\/v2\/comments?post=12152"}],"version-history":[{"count":3,"href":"https:\/\/radiostudiow.com.br\/site\/wp-json\/wp\/v2\/posts\/12152\/revisions"}],"predecessor-version":[{"id":12156,"href":"https:\/\/radiostudiow.com.br\/site\/wp-json\/wp\/v2\/posts\/12152\/revisions\/12156"}],"wp:featuredmedia":[{"embeddable":true,"href":"https:\/\/radiostudiow.com.br\/site\/wp-json\/wp\/v2\/media\/10718"}],"wp:attachment":[{"href":"https:\/\/radiostudiow.com.br\/site\/wp-json\/wp\/v2\/media?parent=12152"}],"wp:term":[{"taxonomy":"category","embeddable":true,"href":"https:\/\/radiostudiow.com.br\/site\/wp-json\/wp\/v2\/categories?post=12152"},{"taxonomy":"post_tag","embeddable":true,"href":"https:\/\/radiostudiow.com.br\/site\/wp-json\/wp\/v2\/tags?post=12152"}],"curies":[{"name":"wp","href":"https:\/\/api.w.org\/{rel}","templated":true}]}}