{"id":12159,"date":"2023-04-01T11:04:52","date_gmt":"2023-04-01T14:04:52","guid":{"rendered":"https:\/\/radiostudiow.com.br\/site\/?p=12159"},"modified":"2025-01-31T15:06:53","modified_gmt":"2025-01-31T18:06:53","slug":"vectra-com-placas-de-mallet-se-envolve-em-acidente-na-br-153","status":"publish","type":"post","link":"https:\/\/radiostudiow.com.br\/site\/2023\/04\/01\/vectra-com-placas-de-mallet-se-envolve-em-acidente-na-br-153\/","title":{"rendered":"VECTRA COM PLACAS DE MALLET SE ENVOLVE EM ACIDENTE NA BR 153\u00a0\u00a0"},"content":{"rendered":"\n<p><strong><em>O ve\u00edculo Uno com placas de Irati colidiu frontalmente com um Vectra com placas de Mallet, todos os envolvidos ficaram lesionados.<\/em><\/strong><\/p>\n\n\n\n<figure class=\"wp-block-image size-full\"><img decoding=\"async\" src=\"https:\/\/radiostudiow.com.br\/site\/wp-content\/uploads\/2023\/02\/image-21.png\" alt=\"\" class=\"wp-image-11405\"\/><\/figure>\n\n\n\n<p>Policiais Rodovi\u00e1rios Federais atenderam uma um acidente entre dois autom\u00f3veis, por volta das 20:00 horas dessa sexta-feira (31).&nbsp;<\/p>\n\n\n\n<p>O ve\u00edculo Uno com placas de Irati colidiu frontalmente com um Vectra com placas de Mallet, pr\u00f3ximo ao quil\u00f4metro 353 da BR 153 na cidade de Rebou\u00e7as.&nbsp;<\/p>\n\n\n\n<p>Condutores&nbsp;do Uno (26 anos) e do Vectra (35 anos) foram encaminhados para atendimento hospitalar no munic\u00edpio de Rebou\u00e7as. Os passageiros do Uno, mulher (23 anos), crian\u00e7a (3 anos) e homem (31 anos), foram transportados para atendimento em Irati.&nbsp;<\/p>\n\n\n\n<p>Todos os envolvidos ficaram lesionados e foram encaminhados para atendimento m\u00e9dico por equipes do SAMU que passavam pelo local no momento do acidente.&nbsp;<\/p>\n\n\n\n<p>O tr\u00e2nsito ficou interditado nos dois sentidos por aproximadamente uma hora.&nbsp;<\/p>\n\n\n\n<figure class=\"wp-block-image size-full\"><img decoding=\"async\" src=\"https:\/\/radiostudiow.com.br\/site\/wp-content\/uploads\/2023\/02\/image-22.png\" alt=\"\" class=\"wp-image-11406\"\/><\/figure>\n\n\n\n<p>Fonte: <a href=\"https:\/\/www.portalnoticiadaregiao.com.br\/\" data-type=\"URL\" data-id=\"https:\/\/www.portalnoticiadaregiao.com.br\/\">Portal Noticia da Regi\u00e3o<\/a><\/p>\n","protected":false},"excerpt":{"rendered":"<p>O ve\u00edculo Uno com placas de Irati colidiu frontalmente com um Vectra com placas de Mallet, todos os envolvidos ficaram lesionados. Policiais Rodovi\u00e1rios Federais atenderam uma um acidente entre dois autom\u00f3veis, por volta das 20:00 horas dessa sexta-feira (31).&nbsp; O ve\u00edculo Uno com placas de Irati colidiu frontalmente com um Vectra com placas de Mallet, [&hellip;]<\/p>\n","protected":false},"author":2,"featured_media":12160,"comment_status":"open","ping_status":"open","sticky":false,"template":"","format":"standard","meta":{"footnotes":""},"categories":[2],"tags":[172],"class_list":["post-12159","post","type-post","status-publish","format-standard","has-post-thumbnail","hentry","category-policial","tag-featured"],"amp_enabled":true,"_links":{"self":[{"href":"https:\/\/radiostudiow.com.br\/site\/wp-json\/wp\/v2\/posts\/12159","targetHints":{"allow":["GET"]}}],"collection":[{"href":"https:\/\/radiostudiow.com.br\/site\/wp-json\/wp\/v2\/posts"}],"about":[{"href":"https:\/\/radiostudiow.com.br\/site\/wp-json\/wp\/v2\/types\/post"}],"author":[{"embeddable":true,"href":"https:\/\/radiostudiow.com.br\/site\/wp-json\/wp\/v2\/users\/2"}],"replies":[{"embeddable":true,"href":"https:\/\/radiostudiow.com.br\/site\/wp-json\/wp\/v2\/comments?post=12159"}],"version-history":[{"count":1,"href":"https:\/\/radiostudiow.com.br\/site\/wp-json\/wp\/v2\/posts\/12159\/revisions"}],"predecessor-version":[{"id":12161,"href":"https:\/\/radiostudiow.com.br\/site\/wp-json\/wp\/v2\/posts\/12159\/revisions\/12161"}],"wp:featuredmedia":[{"embeddable":true,"href":"https:\/\/radiostudiow.com.br\/site\/wp-json\/wp\/v2\/media\/12160"}],"wp:attachment":[{"href":"https:\/\/radiostudiow.com.br\/site\/wp-json\/wp\/v2\/media?parent=12159"}],"wp:term":[{"taxonomy":"category","embeddable":true,"href":"https:\/\/radiostudiow.com.br\/site\/wp-json\/wp\/v2\/categories?post=12159"},{"taxonomy":"post_tag","embeddable":true,"href":"https:\/\/radiostudiow.com.br\/site\/wp-json\/wp\/v2\/tags?post=12159"}],"curies":[{"name":"wp","href":"https:\/\/api.w.org\/{rel}","templated":true}]}}