{"id":12162,"date":"2023-04-01T11:52:27","date_gmt":"2023-04-01T14:52:27","guid":{"rendered":"https:\/\/radiostudiow.com.br\/site\/?p=12162"},"modified":"2025-01-31T15:06:53","modified_gmt":"2025-01-31T18:06:53","slug":"homem-procura-pm-apos-furto-em-sua-propriedade-rural-em-sao-mateus-do-sul","status":"publish","type":"post","link":"https:\/\/radiostudiow.com.br\/site\/2023\/04\/01\/homem-procura-pm-apos-furto-em-sua-propriedade-rural-em-sao-mateus-do-sul\/","title":{"rendered":"HOMEM PROCURA PM AP\u00d3S FURTO EM SUA PROPRIEDADE RURAL EM S\u00c3O MATEUS DO SUL"},"content":{"rendered":"\n<p><em><strong>V\u00edtima afirmou aos policiais que foram furtado de sua propriedade 48 litros de agrot\u00f3xicos diversos, 1 leit\u00e3o e cerca de 10 galinhas.<\/strong><\/em><\/p>\n\n\n\n<figure class=\"wp-block-image size-large\"><img decoding=\"async\" src=\"https:\/\/radiostudiow.com.br\/site\/wp-content\/uploads\/2023\/03\/333961748_218140324032662_8763106638246866213_n-1024x452.png\" alt=\"\" class=\"wp-image-11670\"\/><\/figure>\n\n\n\n<p>Um homem compareceu ao Pelot\u00e3o da Pol\u00edcia Militar de S\u00e3o Mateus do Sul por volta das 14:00 horas sexta-feira, 31 de mar\u00e7o, relatando um furto. &nbsp;<\/p>\n\n\n\n<p>Morador da localidade Fazendinha, afirmou que teve furtado de sua propriedade 48 litros de agrot\u00f3xicos diversos, 1 leit\u00e3o e cerca de 10 galinhas. Na propriedade n\u00e3o possui sinais de arrombamento, propriet\u00e1rio percebeu somente a falta.&nbsp;<\/p>\n\n\n\n<p>Diante dos relatos a equipe policial orientou a v\u00edtima quanto aos procedimentos cab\u00edveis.\u00a0<\/p>\n\n\n\n<figure class=\"wp-block-image size-full\"><img decoding=\"async\" src=\"https:\/\/radiostudiow.com.br\/site\/wp-content\/uploads\/2023\/02\/image-24.png\" alt=\"\" class=\"wp-image-11411\"\/><\/figure>\n","protected":false},"excerpt":{"rendered":"<p>V\u00edtima afirmou aos policiais que foram furtado de sua propriedade 48 litros de agrot\u00f3xicos diversos, 1 leit\u00e3o e cerca de 10 galinhas. Um homem compareceu ao Pelot\u00e3o da Pol\u00edcia Militar de S\u00e3o Mateus do Sul por volta das 14:00 horas sexta-feira, 31 de mar\u00e7o, relatando um furto. &nbsp; Morador da localidade Fazendinha, afirmou que teve [&hellip;]<\/p>\n","protected":false},"author":2,"featured_media":0,"comment_status":"open","ping_status":"open","sticky":false,"template":"","format":"standard","meta":{"footnotes":""},"categories":[2],"tags":[172],"class_list":["post-12162","post","type-post","status-publish","format-standard","hentry","category-policial","tag-featured"],"amp_enabled":true,"_links":{"self":[{"href":"https:\/\/radiostudiow.com.br\/site\/wp-json\/wp\/v2\/posts\/12162","targetHints":{"allow":["GET"]}}],"collection":[{"href":"https:\/\/radiostudiow.com.br\/site\/wp-json\/wp\/v2\/posts"}],"about":[{"href":"https:\/\/radiostudiow.com.br\/site\/wp-json\/wp\/v2\/types\/post"}],"author":[{"embeddable":true,"href":"https:\/\/radiostudiow.com.br\/site\/wp-json\/wp\/v2\/users\/2"}],"replies":[{"embeddable":true,"href":"https:\/\/radiostudiow.com.br\/site\/wp-json\/wp\/v2\/comments?post=12162"}],"version-history":[{"count":1,"href":"https:\/\/radiostudiow.com.br\/site\/wp-json\/wp\/v2\/posts\/12162\/revisions"}],"predecessor-version":[{"id":12163,"href":"https:\/\/radiostudiow.com.br\/site\/wp-json\/wp\/v2\/posts\/12162\/revisions\/12163"}],"wp:attachment":[{"href":"https:\/\/radiostudiow.com.br\/site\/wp-json\/wp\/v2\/media?parent=12162"}],"wp:term":[{"taxonomy":"category","embeddable":true,"href":"https:\/\/radiostudiow.com.br\/site\/wp-json\/wp\/v2\/categories?post=12162"},{"taxonomy":"post_tag","embeddable":true,"href":"https:\/\/radiostudiow.com.br\/site\/wp-json\/wp\/v2\/tags?post=12162"}],"curies":[{"name":"wp","href":"https:\/\/api.w.org\/{rel}","templated":true}]}}