{"id":12164,"date":"2023-04-01T12:15:52","date_gmt":"2023-04-01T15:15:52","guid":{"rendered":"https:\/\/radiostudiow.com.br\/site\/?p=12164"},"modified":"2025-01-31T15:06:53","modified_gmt":"2025-01-31T18:06:53","slug":"jovem-morre-em-acidente-de-moto-com-colheitadeira","status":"publish","type":"post","link":"https:\/\/radiostudiow.com.br\/site\/2023\/04\/01\/jovem-morre-em-acidente-de-moto-com-colheitadeira\/","title":{"rendered":"JOVEM MORRE EM ACIDENTE DE MOTO COM COLHEITADEIRA\u00a0"},"content":{"rendered":"\n<p><\/p>\n\n\n\n<figure class=\"wp-block-image size-full\"><img decoding=\"async\" src=\"https:\/\/radiostudiow.com.br\/site\/wp-content\/uploads\/2023\/02\/image-25.png\" alt=\"\" class=\"wp-image-11434\"\/><\/figure>\n\n\n\n<p>Um jovem morre ap\u00f3s colidir uma motocicleta contra uma colheitadeira, na localidade de Mico Magro, em S\u00e3o Mateus do Sul manh\u00e3 deste s\u00e1bado (1\u00ba).&nbsp;<\/p>\n\n\n\n<p>De acordo com populares, o&nbsp;piloto&nbsp;identificado como Maicon Kozelinski, 21 anos, seguia pela estrada rural, quando acabou entrando por baixo da m\u00e1quina agr\u00edcola e estava sem capacete.&nbsp;<\/p>\n\n\n\n<p>O Corpo de Bombeiros foi acionado e atendeu a ocorr\u00eancia, por\u00e9m a v\u00edtima j\u00e1 havia entrado em \u00f3bito.&nbsp;<\/p>\n\n\n\n<p>O Instituto M\u00e9dico Legal (IML) de Uni\u00e3o da Vit\u00f3ria foi acionado para recolher o corpo.\u00a0<\/p>\n\n\n\n<figure class=\"wp-block-image size-full\"><img decoding=\"async\" src=\"https:\/\/radiostudiow.com.br\/site\/wp-content\/uploads\/2023\/02\/800-2-1-1.png\" alt=\"\" class=\"wp-image-11413\"\/><\/figure>\n","protected":false},"excerpt":{"rendered":"<p>Um jovem morre ap\u00f3s colidir uma motocicleta contra uma colheitadeira, na localidade de Mico Magro, em S\u00e3o Mateus do Sul manh\u00e3 deste s\u00e1bado (1\u00ba).&nbsp; De acordo com populares, o&nbsp;piloto&nbsp;identificado como Maicon Kozelinski, 21 anos, seguia pela estrada rural, quando acabou entrando por baixo da m\u00e1quina agr\u00edcola e estava sem capacete.&nbsp; O Corpo de Bombeiros foi [&hellip;]<\/p>\n","protected":false},"author":2,"featured_media":12165,"comment_status":"open","ping_status":"open","sticky":false,"template":"","format":"standard","meta":{"footnotes":""},"categories":[2],"tags":[172],"class_list":["post-12164","post","type-post","status-publish","format-standard","has-post-thumbnail","hentry","category-policial","tag-featured"],"amp_enabled":true,"_links":{"self":[{"href":"https:\/\/radiostudiow.com.br\/site\/wp-json\/wp\/v2\/posts\/12164","targetHints":{"allow":["GET"]}}],"collection":[{"href":"https:\/\/radiostudiow.com.br\/site\/wp-json\/wp\/v2\/posts"}],"about":[{"href":"https:\/\/radiostudiow.com.br\/site\/wp-json\/wp\/v2\/types\/post"}],"author":[{"embeddable":true,"href":"https:\/\/radiostudiow.com.br\/site\/wp-json\/wp\/v2\/users\/2"}],"replies":[{"embeddable":true,"href":"https:\/\/radiostudiow.com.br\/site\/wp-json\/wp\/v2\/comments?post=12164"}],"version-history":[{"count":1,"href":"https:\/\/radiostudiow.com.br\/site\/wp-json\/wp\/v2\/posts\/12164\/revisions"}],"predecessor-version":[{"id":12166,"href":"https:\/\/radiostudiow.com.br\/site\/wp-json\/wp\/v2\/posts\/12164\/revisions\/12166"}],"wp:featuredmedia":[{"embeddable":true,"href":"https:\/\/radiostudiow.com.br\/site\/wp-json\/wp\/v2\/media\/12165"}],"wp:attachment":[{"href":"https:\/\/radiostudiow.com.br\/site\/wp-json\/wp\/v2\/media?parent=12164"}],"wp:term":[{"taxonomy":"category","embeddable":true,"href":"https:\/\/radiostudiow.com.br\/site\/wp-json\/wp\/v2\/categories?post=12164"},{"taxonomy":"post_tag","embeddable":true,"href":"https:\/\/radiostudiow.com.br\/site\/wp-json\/wp\/v2\/tags?post=12164"}],"curies":[{"name":"wp","href":"https:\/\/api.w.org\/{rel}","templated":true}]}}