{"id":12169,"date":"2023-04-01T21:49:39","date_gmt":"2023-04-02T00:49:39","guid":{"rendered":"https:\/\/radiostudiow.com.br\/site\/?p=12169"},"modified":"2025-01-31T15:06:53","modified_gmt":"2025-01-31T18:06:53","slug":"morre-em-mallet-aos-77-anos-ex-prefeito-cesar-loyola-flenik","status":"publish","type":"post","link":"https:\/\/radiostudiow.com.br\/site\/2023\/04\/01\/morre-em-mallet-aos-77-anos-ex-prefeito-cesar-loyola-flenik\/","title":{"rendered":"MORRE EM MALLET AOS 77 ANOS EX-PREFEITO CESAR LOYOLA FLENIK"},"content":{"rendered":"\n<p class=\"has-white-color has-text-color\">.<\/p>\n\n\n\n<figure class=\"wp-block-image size-large\"><img decoding=\"async\" src=\"https:\/\/radiostudiow.com.br\/site\/wp-content\/uploads\/2023\/01\/capa-1024x384.jpg\" alt=\"\" class=\"wp-image-10696\"\/><\/figure>\n\n\n\n<p class=\"has-white-color has-text-color\">.<\/p>\n\n\n\n<p>No in\u00edcio da tarde deste s\u00e1bado dia 1\u00ba de abril de 2023, atrav\u00e9s das Redes Sociais, veio a informa\u00e7\u00e3o de que o ex prefeito da cidade de Mallet, Cesar Loyola Flenik, morreu aos 77 anos de idade.<\/p>\n\n\n\n<p>De acordo com informa\u00e7\u00f5es, o ex chefe do executivo malletense faleceu por volta das 14:00 horas, possivelmente em casa. Foi acionado a ambul\u00e2ncia de plant\u00e3o mas infelizmente j\u00e1 chegou sem vida no Hospital de Caridade S\u00e3o Pedro.<\/p>\n\n\n\n<p>Cesar Flenik como assim era conhecido, foi prefeito de Mallet por 3 mandatos. O \u00faltimo comando do Poder Executivo foi nos anos de 2009 a 2012.<\/p>\n\n\n\n<p>No final do ano passado, Seu Cesar foi homenageado na C\u00e2mara de Vereadores de Mallet, quando recebeu o T\u00edtulo de Cidad\u00e3o Honor\u00e1rio de Malletense.<\/p>\n\n\n\n<p>As postagens da Funer\u00e1ria S\u00e3o Jo\u00e3o indicam que o corpo do ex prefeito Cesar ser\u00e1 velado nas depend\u00eancias do Pal\u00e1cio 21 de Setembro (C\u00e2mara Municipal), ainda sem hor\u00e1rio de sepultamento.<\/p>\n\n\n\n<p>Fam\u00edlia enlutada as nossas mais singelas\u00a0homenagens.<\/p>\n\n\n\n<p class=\"has-white-color has-text-color\">.<\/p>\n\n\n\n<figure class=\"wp-block-image size-full\"><img decoding=\"async\" src=\"https:\/\/radiostudiow.com.br\/site\/wp-content\/uploads\/2022\/06\/NUTRI-MALLET.jpg\" alt=\"\" class=\"wp-image-7772\"\/><\/figure>\n","protected":false},"excerpt":{"rendered":"<p>. . No in\u00edcio da tarde deste s\u00e1bado dia 1\u00ba de abril de 2023, atrav\u00e9s das Redes Sociais, veio a informa\u00e7\u00e3o de que o ex prefeito da cidade de Mallet, Cesar Loyola Flenik, morreu aos 77 anos de idade. De acordo com informa\u00e7\u00f5es, o ex chefe do executivo malletense faleceu por volta das 14:00 horas, [&hellip;]<\/p>\n","protected":false},"author":2,"featured_media":12170,"comment_status":"open","ping_status":"open","sticky":false,"template":"","format":"standard","meta":{"footnotes":""},"categories":[184],"tags":[172],"class_list":["post-12169","post","type-post","status-publish","format-standard","has-post-thumbnail","hentry","category-local","tag-featured"],"amp_enabled":true,"_links":{"self":[{"href":"https:\/\/radiostudiow.com.br\/site\/wp-json\/wp\/v2\/posts\/12169","targetHints":{"allow":["GET"]}}],"collection":[{"href":"https:\/\/radiostudiow.com.br\/site\/wp-json\/wp\/v2\/posts"}],"about":[{"href":"https:\/\/radiostudiow.com.br\/site\/wp-json\/wp\/v2\/types\/post"}],"author":[{"embeddable":true,"href":"https:\/\/radiostudiow.com.br\/site\/wp-json\/wp\/v2\/users\/2"}],"replies":[{"embeddable":true,"href":"https:\/\/radiostudiow.com.br\/site\/wp-json\/wp\/v2\/comments?post=12169"}],"version-history":[{"count":1,"href":"https:\/\/radiostudiow.com.br\/site\/wp-json\/wp\/v2\/posts\/12169\/revisions"}],"predecessor-version":[{"id":12171,"href":"https:\/\/radiostudiow.com.br\/site\/wp-json\/wp\/v2\/posts\/12169\/revisions\/12171"}],"wp:featuredmedia":[{"embeddable":true,"href":"https:\/\/radiostudiow.com.br\/site\/wp-json\/wp\/v2\/media\/12170"}],"wp:attachment":[{"href":"https:\/\/radiostudiow.com.br\/site\/wp-json\/wp\/v2\/media?parent=12169"}],"wp:term":[{"taxonomy":"category","embeddable":true,"href":"https:\/\/radiostudiow.com.br\/site\/wp-json\/wp\/v2\/categories?post=12169"},{"taxonomy":"post_tag","embeddable":true,"href":"https:\/\/radiostudiow.com.br\/site\/wp-json\/wp\/v2\/tags?post=12169"}],"curies":[{"name":"wp","href":"https:\/\/api.w.org\/{rel}","templated":true}]}}