{"id":12172,"date":"2023-04-03T09:49:43","date_gmt":"2023-04-03T12:49:43","guid":{"rendered":"https:\/\/radiostudiow.com.br\/site\/?p=12172"},"modified":"2025-01-31T15:06:53","modified_gmt":"2025-01-31T18:06:53","slug":"motociclista-sofre-ferimentos-moderados-apos-acidente-em-sao-mateus-do-sul","status":"publish","type":"post","link":"https:\/\/radiostudiow.com.br\/site\/2023\/04\/03\/motociclista-sofre-ferimentos-moderados-apos-acidente-em-sao-mateus-do-sul\/","title":{"rendered":"MOTOCICLISTA SOFRE FERIMENTOS MODERADOS AP\u00d3S ACIDENTE EM\u00a0S\u00c3O MATEUS DO SUL\u00a0"},"content":{"rendered":"\n<p><em><strong>V\u00edtima sofreu ferimentos moderados na regi\u00e3o da perna e ferimento corte contuso na cabe\u00e7a.\u00a0<\/strong><\/em><\/p>\n\n\n\n<figure class=\"wp-block-image size-full\"><img loading=\"lazy\" decoding=\"async\" width=\"768\" height=\"175\" src=\"https:\/\/radiostudiow.com.br\/site\/wp-content\/uploads\/2023\/03\/image-22.png\" alt=\"\" class=\"wp-image-12046\" srcset=\"https:\/\/radiostudiow.com.br\/site\/wp-content\/uploads\/2023\/03\/image-22.png 768w, https:\/\/radiostudiow.com.br\/site\/wp-content\/uploads\/2023\/03\/image-22-300x68.png 300w\" sizes=\"auto, (max-width: 768px) 100vw, 768px\" \/><\/figure>\n\n\n\n<p>Um motociclista que trafegava pela Rua Bar\u00e3o do Rio Branco foi atingido por um ve\u00edculo Sandero na \u00e1rea central de S\u00e3o Mateus do Sul por volta das 21:30 horas desse domingo (2).\u00a0<\/p>\n\n\n\n<p>O Corpo de Bombeiros foi acionado para atendimento ao homem de 30 anos que sofreu ferimentos moderados na regi\u00e3o da perna e ferimento corte contuso na cabe\u00e7a.&nbsp;<\/p>\n\n\n\n<p>De acordo com a reportagem do Portal RDX, d\u00e3o conta de que o ve\u00edculo Sandero, que atingiu a moto, n\u00e3o \u00e9 de S\u00e3o Mateus do Sul. No ve\u00edculo estavam duas mulheres que viajavam para Chapec\u00f3 \u2013 SC, e que o GPS desviou a rota para o Centro de cidade. Elas seguiam pela Rua Jo\u00e3o Bettega quando atingiram o motociclista.\u00a0<\/p>\n\n\n\n<p>O homem foi encaminhado ao Pronto Atendimento Municipal. A motorista e ocupante do ve\u00edculo, de 53 e 29 anos, n\u00e3o se feriram e permaneceram no local.\u00a0<\/p>\n\n\n\n<figure class=\"wp-block-image size-large\"><img decoding=\"async\" src=\"https:\/\/radiostudiow.com.br\/site\/wp-content\/uploads\/2023\/03\/333961748_218140324032662_8763106638246866213_n-1024x452.png\" alt=\"\" class=\"wp-image-11670\"\/><\/figure>\n\n\n\n<figure class=\"wp-block-video\"><video height=\"848\" style=\"aspect-ratio: 480 \/ 848;\" width=\"480\" controls src=\"https:\/\/radiostudiow.com.br\/site\/wp-content\/uploads\/2023\/04\/WhatsApp-Video-2023-04-03-at-09.05.41_Moment.jpg\"><\/video><\/figure>\n","protected":false},"excerpt":{"rendered":"<p>V\u00edtima sofreu ferimentos moderados na regi\u00e3o da perna e ferimento corte contuso na cabe\u00e7a.\u00a0 Um motociclista que trafegava pela Rua Bar\u00e3o do Rio Branco foi atingido por um ve\u00edculo Sandero na \u00e1rea central de S\u00e3o Mateus do Sul por volta das 21:30 horas desse domingo (2).\u00a0 O Corpo de Bombeiros foi acionado para atendimento ao [&hellip;]<\/p>\n","protected":false},"author":2,"featured_media":0,"comment_status":"open","ping_status":"open","sticky":false,"template":"","format":"standard","meta":{"footnotes":""},"categories":[2],"tags":[172],"class_list":["post-12172","post","type-post","status-publish","format-standard","hentry","category-policial","tag-featured"],"amp_enabled":true,"_links":{"self":[{"href":"https:\/\/radiostudiow.com.br\/site\/wp-json\/wp\/v2\/posts\/12172","targetHints":{"allow":["GET"]}}],"collection":[{"href":"https:\/\/radiostudiow.com.br\/site\/wp-json\/wp\/v2\/posts"}],"about":[{"href":"https:\/\/radiostudiow.com.br\/site\/wp-json\/wp\/v2\/types\/post"}],"author":[{"embeddable":true,"href":"https:\/\/radiostudiow.com.br\/site\/wp-json\/wp\/v2\/users\/2"}],"replies":[{"embeddable":true,"href":"https:\/\/radiostudiow.com.br\/site\/wp-json\/wp\/v2\/comments?post=12172"}],"version-history":[{"count":1,"href":"https:\/\/radiostudiow.com.br\/site\/wp-json\/wp\/v2\/posts\/12172\/revisions"}],"predecessor-version":[{"id":12175,"href":"https:\/\/radiostudiow.com.br\/site\/wp-json\/wp\/v2\/posts\/12172\/revisions\/12175"}],"wp:attachment":[{"href":"https:\/\/radiostudiow.com.br\/site\/wp-json\/wp\/v2\/media?parent=12172"}],"wp:term":[{"taxonomy":"category","embeddable":true,"href":"https:\/\/radiostudiow.com.br\/site\/wp-json\/wp\/v2\/categories?post=12172"},{"taxonomy":"post_tag","embeddable":true,"href":"https:\/\/radiostudiow.com.br\/site\/wp-json\/wp\/v2\/tags?post=12172"}],"curies":[{"name":"wp","href":"https:\/\/api.w.org\/{rel}","templated":true}]}}