{"id":12178,"date":"2023-04-03T10:47:40","date_gmt":"2023-04-03T13:47:40","guid":{"rendered":"https:\/\/radiostudiow.com.br\/site\/?p=12178"},"modified":"2025-01-31T15:06:53","modified_gmt":"2025-01-31T18:06:53","slug":"corpo-de-bombeiros-de-sao-mateus-do-sul-controla-incendio-na-area-externa-da-rodoviaria","status":"publish","type":"post","link":"https:\/\/radiostudiow.com.br\/site\/2023\/04\/03\/corpo-de-bombeiros-de-sao-mateus-do-sul-controla-incendio-na-area-externa-da-rodoviaria\/","title":{"rendered":"CORPO DE BOMBEIROS DE S\u00c3O MATEUS DO SUL CONTROLA INC\u00caNDIO NA \u00c1REA EXTERNA DA RODOVI\u00c1RIA \u00a0"},"content":{"rendered":"\n<p><strong><em>Pe\u00e7as de roupa e colch\u00f5es haviam sido incendiadas, bombeiros conseguiram controlar as chamas e evitar que o fogo se alastrasse<\/em><\/strong>.<strong><em> <\/em><\/strong><\/p>\n\n\n\n<figure class=\"wp-block-image size-large\"><img decoding=\"async\" src=\"https:\/\/radiostudiow.com.br\/site\/wp-content\/uploads\/2023\/01\/image-3-1024x392.png\" alt=\"\" class=\"wp-image-10452\"\/><\/figure>\n\n\n\n<p>O Corpo de Bombeiros de S\u00e3o Mateus do Sul foi acionado por volta das 17:0 0horas\u00a0desse s\u00e1bado, 01 de abril, para atender a uma ocorr\u00eancia de inc\u00eandio na Rua Tenente Max Wolff Filho.\u00a0<\/p>\n\n\n\n<p>Foi constatado que algumas pe\u00e7as de roupa e colch\u00f5es haviam sido incendiadas, onde de acordo com populares, moradores de rua teriam ateado fogo.&nbsp;<\/p>\n\n\n\n<p>Os objetos estavam pr\u00f3ximo \u00e0 casinha em que ficam localizados um botij\u00e3o de g\u00e1s e o rel\u00f3gio de energia el\u00e9trica.&nbsp;<\/p>\n\n\n\n<p>Os bombeiros conseguiram controlar as chamas e evitar que o fogo se alastrasse. Ningu\u00e9m ficou ferido.\u00a0<\/p>\n\n\n\n<figure class=\"wp-block-image size-full\"><img decoding=\"async\" src=\"https:\/\/radiostudiow.com.br\/site\/wp-content\/uploads\/2023\/02\/image-12.png\" alt=\"\" class=\"wp-image-11282\"\/><\/figure>\n","protected":false},"excerpt":{"rendered":"<p>Pe\u00e7as de roupa e colch\u00f5es haviam sido incendiadas, bombeiros conseguiram controlar as chamas e evitar que o fogo se alastrasse. O Corpo de Bombeiros de S\u00e3o Mateus do Sul foi acionado por volta das 17:0 0horas\u00a0desse s\u00e1bado, 01 de abril, para atender a uma ocorr\u00eancia de inc\u00eandio na Rua Tenente Max Wolff Filho.\u00a0 Foi constatado [&hellip;]<\/p>\n","protected":false},"author":2,"featured_media":12179,"comment_status":"open","ping_status":"open","sticky":false,"template":"","format":"standard","meta":{"footnotes":""},"categories":[2],"tags":[172],"class_list":["post-12178","post","type-post","status-publish","format-standard","has-post-thumbnail","hentry","category-policial","tag-featured"],"amp_enabled":true,"_links":{"self":[{"href":"https:\/\/radiostudiow.com.br\/site\/wp-json\/wp\/v2\/posts\/12178","targetHints":{"allow":["GET"]}}],"collection":[{"href":"https:\/\/radiostudiow.com.br\/site\/wp-json\/wp\/v2\/posts"}],"about":[{"href":"https:\/\/radiostudiow.com.br\/site\/wp-json\/wp\/v2\/types\/post"}],"author":[{"embeddable":true,"href":"https:\/\/radiostudiow.com.br\/site\/wp-json\/wp\/v2\/users\/2"}],"replies":[{"embeddable":true,"href":"https:\/\/radiostudiow.com.br\/site\/wp-json\/wp\/v2\/comments?post=12178"}],"version-history":[{"count":1,"href":"https:\/\/radiostudiow.com.br\/site\/wp-json\/wp\/v2\/posts\/12178\/revisions"}],"predecessor-version":[{"id":12180,"href":"https:\/\/radiostudiow.com.br\/site\/wp-json\/wp\/v2\/posts\/12178\/revisions\/12180"}],"wp:featuredmedia":[{"embeddable":true,"href":"https:\/\/radiostudiow.com.br\/site\/wp-json\/wp\/v2\/media\/12179"}],"wp:attachment":[{"href":"https:\/\/radiostudiow.com.br\/site\/wp-json\/wp\/v2\/media?parent=12178"}],"wp:term":[{"taxonomy":"category","embeddable":true,"href":"https:\/\/radiostudiow.com.br\/site\/wp-json\/wp\/v2\/categories?post=12178"},{"taxonomy":"post_tag","embeddable":true,"href":"https:\/\/radiostudiow.com.br\/site\/wp-json\/wp\/v2\/tags?post=12178"}],"curies":[{"name":"wp","href":"https:\/\/api.w.org\/{rel}","templated":true}]}}