{"id":12182,"date":"2023-04-03T11:39:11","date_gmt":"2023-04-03T14:39:11","guid":{"rendered":"https:\/\/radiostudiow.com.br\/site\/?p=12182"},"modified":"2025-01-31T15:06:53","modified_gmt":"2025-01-31T18:06:53","slug":"homem-e-preso-apos-ameacar-esposa","status":"publish","type":"post","link":"https:\/\/radiostudiow.com.br\/site\/2023\/04\/03\/homem-e-preso-apos-ameacar-esposa\/","title":{"rendered":"HOMEM \u00c9 PRESO AP\u00d3S AMEA\u00c7AR ESPOSA EM S\u00c3O MATEUS DO SUL"},"content":{"rendered":"\n<p><strong><em>A v\u00edtima disse aos policiais que na data anterior, foi obrigada a sair de sua resid\u00eancia para n\u00e3o ser agredida pelo mesmo.<\/em><\/strong><\/p>\n\n\n\n<figure class=\"wp-block-image size-full\"><img decoding=\"async\" src=\"https:\/\/radiostudiow.com.br\/site\/wp-content\/uploads\/2023\/02\/image-20.png\" alt=\"\" class=\"wp-image-11402\"\/><\/figure>\n\n\n\n<p>A equipe da Pol\u00edcia Militar de S\u00e3o Mateus do Sul foi acionada para atender uma situa\u00e7\u00e3o de amea\u00e7a por volta das 16:10 horas desse domingo (02), na Vila Amaral.&nbsp;<\/p>\n\n\n\n<p>Conforme o relato da solicitante, o seu atual marido estava em frente \u00e0 resid\u00eancia proferindo amea\u00e7as e na data anterior, foi obrigada a sair de sua resid\u00eancia para n\u00e3o ser agredida pelo mesmo. A v\u00edtima afirmou que o autor a amea\u00e7ou com palavras do tipo, \u201cl\u00e1 em casa voc\u00ea n\u00e3o entra mais e se aparecer por l\u00e1 vou te bater\u201d.&nbsp;<\/p>\n\n\n\n<p>Os policiais&nbsp;realizaram o&nbsp;patrulhamento nas imedia\u00e7\u00f5es, sendo o autor localizado em via p\u00fablica, a equipe procedeu a abordagem e nada de il\u00edcito foi localizado. Diante do interesse em representa\u00e7\u00e3o da v\u00edtima, foi dado voz de pris\u00e3o a autor.&nbsp;<\/p>\n\n\n\n<p>Deslocado at\u00e9 o pronto atendimento, em seguida todas as partes foram encaminhadas at\u00e9 a 03\u00aa SDP para provid\u00eancias de Pol\u00edcia Judiciarias.&nbsp;<\/p>\n\n\n\n<figure class=\"wp-block-image size-full\"><img decoding=\"async\" src=\"https:\/\/radiostudiow.com.br\/site\/wp-content\/uploads\/2023\/01\/image-2.png\" alt=\"\" class=\"wp-image-10436\"\/><\/figure>\n","protected":false},"excerpt":{"rendered":"<p>A v\u00edtima disse aos policiais que na data anterior, foi obrigada a sair de sua resid\u00eancia para n\u00e3o ser agredida pelo mesmo. A equipe da Pol\u00edcia Militar de S\u00e3o Mateus do Sul foi acionada para atender uma situa\u00e7\u00e3o de amea\u00e7a por volta das 16:10 horas desse domingo (02), na Vila Amaral.&nbsp; Conforme o relato da [&hellip;]<\/p>\n","protected":false},"author":2,"featured_media":9634,"comment_status":"open","ping_status":"open","sticky":false,"template":"","format":"standard","meta":{"footnotes":""},"categories":[2],"tags":[172],"class_list":["post-12182","post","type-post","status-publish","format-standard","has-post-thumbnail","hentry","category-policial","tag-featured"],"amp_enabled":true,"_links":{"self":[{"href":"https:\/\/radiostudiow.com.br\/site\/wp-json\/wp\/v2\/posts\/12182","targetHints":{"allow":["GET"]}}],"collection":[{"href":"https:\/\/radiostudiow.com.br\/site\/wp-json\/wp\/v2\/posts"}],"about":[{"href":"https:\/\/radiostudiow.com.br\/site\/wp-json\/wp\/v2\/types\/post"}],"author":[{"embeddable":true,"href":"https:\/\/radiostudiow.com.br\/site\/wp-json\/wp\/v2\/users\/2"}],"replies":[{"embeddable":true,"href":"https:\/\/radiostudiow.com.br\/site\/wp-json\/wp\/v2\/comments?post=12182"}],"version-history":[{"count":2,"href":"https:\/\/radiostudiow.com.br\/site\/wp-json\/wp\/v2\/posts\/12182\/revisions"}],"predecessor-version":[{"id":12185,"href":"https:\/\/radiostudiow.com.br\/site\/wp-json\/wp\/v2\/posts\/12182\/revisions\/12185"}],"wp:featuredmedia":[{"embeddable":true,"href":"https:\/\/radiostudiow.com.br\/site\/wp-json\/wp\/v2\/media\/9634"}],"wp:attachment":[{"href":"https:\/\/radiostudiow.com.br\/site\/wp-json\/wp\/v2\/media?parent=12182"}],"wp:term":[{"taxonomy":"category","embeddable":true,"href":"https:\/\/radiostudiow.com.br\/site\/wp-json\/wp\/v2\/categories?post=12182"},{"taxonomy":"post_tag","embeddable":true,"href":"https:\/\/radiostudiow.com.br\/site\/wp-json\/wp\/v2\/tags?post=12182"}],"curies":[{"name":"wp","href":"https:\/\/api.w.org\/{rel}","templated":true}]}}