{"id":12186,"date":"2023-04-03T17:20:29","date_gmt":"2023-04-03T20:20:29","guid":{"rendered":"https:\/\/radiostudiow.com.br\/site\/?p=12186"},"modified":"2025-01-31T15:06:53","modified_gmt":"2025-01-31T18:06:53","slug":"convite-para-teatro-da-paixao-de-cristo-em-rio-azul","status":"publish","type":"post","link":"https:\/\/radiostudiow.com.br\/site\/2023\/04\/03\/convite-para-teatro-da-paixao-de-cristo-em-rio-azul\/","title":{"rendered":"CONVITE PARA O TEATRO DA PAIX\u00c3O DE CRISTO EM RIO AZUL"},"content":{"rendered":"\n<p><em>Grupo conta com mais de 150 participantes dentre eles personagens e nos bastidores s\u00e3o mais de 20 cenas, todas novas, ter\u00e1 uma cena extra jamais vista em toda a regi\u00e3o. <\/em><\/p>\n\n\n\n<figure class=\"wp-block-image size-full\"><img loading=\"lazy\" decoding=\"async\" width=\"768\" height=\"175\" src=\"https:\/\/radiostudiow.com.br\/site\/wp-content\/uploads\/2023\/03\/image-22.png\" alt=\"\" class=\"wp-image-12046\" srcset=\"https:\/\/radiostudiow.com.br\/site\/wp-content\/uploads\/2023\/03\/image-22.png 768w, https:\/\/radiostudiow.com.br\/site\/wp-content\/uploads\/2023\/03\/image-22-300x68.png 300w\" sizes=\"auto, (max-width: 768px) 100vw, 768px\" \/><\/figure>\n\n\n\n<p>Nesta Sexta-Feira Santa, 07 de abril, acontece o Teatro da Paix\u00e3o de Cristo em Rio Azul com in\u00edcio \u00e0s 19:00 horas&nbsp;no Est\u00e1dio Municipal Orestes Pall\u00fao.&nbsp;<\/p>\n\n\n\n<p>Grupo conta com mais de 150 participantes dentre eles personagens e nos bastidores s\u00e3o mais de 20 cenas, todas novas, ter\u00e1 uma cena extra jamais vista em toda a regi\u00e3o. Grupo tamb\u00e9m conta com o o apoio da prefeitura municipal.&nbsp;<\/p>\n\n\n\n<p>&#8220;<em>Todos os malltenses e regi\u00e3o est\u00e3o convidados a vir prestigiar esse grande espet\u00e1culo que conta a hist\u00f3ria de amor daquele que nos deu a vida para a remiss\u00e3o de nossos pecados.&#8221;<\/em> <strong>Amandha Pedrozo diretora geral.&nbsp;<\/strong><\/p>\n","protected":false},"excerpt":{"rendered":"<p>Grupo conta com mais de 150 participantes dentre eles personagens e nos bastidores s\u00e3o mais de 20 cenas, todas novas, ter\u00e1 uma cena extra jamais vista em toda a regi\u00e3o. Nesta Sexta-Feira Santa, 07 de abril, acontece o Teatro da Paix\u00e3o de Cristo em Rio Azul com in\u00edcio \u00e0s 19:00 horas&nbsp;no Est\u00e1dio Municipal Orestes Pall\u00fao.&nbsp; [&hellip;]<\/p>\n","protected":false},"author":2,"featured_media":12187,"comment_status":"open","ping_status":"open","sticky":false,"template":"","format":"standard","meta":{"footnotes":""},"categories":[185],"tags":[172],"class_list":["post-12186","post","type-post","status-publish","format-standard","has-post-thumbnail","hentry","category-regional","tag-featured"],"amp_enabled":true,"_links":{"self":[{"href":"https:\/\/radiostudiow.com.br\/site\/wp-json\/wp\/v2\/posts\/12186","targetHints":{"allow":["GET"]}}],"collection":[{"href":"https:\/\/radiostudiow.com.br\/site\/wp-json\/wp\/v2\/posts"}],"about":[{"href":"https:\/\/radiostudiow.com.br\/site\/wp-json\/wp\/v2\/types\/post"}],"author":[{"embeddable":true,"href":"https:\/\/radiostudiow.com.br\/site\/wp-json\/wp\/v2\/users\/2"}],"replies":[{"embeddable":true,"href":"https:\/\/radiostudiow.com.br\/site\/wp-json\/wp\/v2\/comments?post=12186"}],"version-history":[{"count":2,"href":"https:\/\/radiostudiow.com.br\/site\/wp-json\/wp\/v2\/posts\/12186\/revisions"}],"predecessor-version":[{"id":12190,"href":"https:\/\/radiostudiow.com.br\/site\/wp-json\/wp\/v2\/posts\/12186\/revisions\/12190"}],"wp:featuredmedia":[{"embeddable":true,"href":"https:\/\/radiostudiow.com.br\/site\/wp-json\/wp\/v2\/media\/12187"}],"wp:attachment":[{"href":"https:\/\/radiostudiow.com.br\/site\/wp-json\/wp\/v2\/media?parent=12186"}],"wp:term":[{"taxonomy":"category","embeddable":true,"href":"https:\/\/radiostudiow.com.br\/site\/wp-json\/wp\/v2\/categories?post=12186"},{"taxonomy":"post_tag","embeddable":true,"href":"https:\/\/radiostudiow.com.br\/site\/wp-json\/wp\/v2\/tags?post=12186"}],"curies":[{"name":"wp","href":"https:\/\/api.w.org\/{rel}","templated":true}]}}