{"id":12191,"date":"2023-04-03T18:52:08","date_gmt":"2023-04-03T21:52:08","guid":{"rendered":"https:\/\/radiostudiow.com.br\/site\/?p=12191"},"modified":"2025-01-31T15:06:53","modified_gmt":"2025-01-31T18:06:53","slug":"homem-aciona-pm-apos-ameaca-de-vizinho","status":"publish","type":"post","link":"https:\/\/radiostudiow.com.br\/site\/2023\/04\/03\/homem-aciona-pm-apos-ameaca-de-vizinho\/","title":{"rendered":"HOMEM ACIONA PM AP\u00d3S AMEA\u00c7A DE VIZINHO"},"content":{"rendered":"\n<p><strong><em>O autor relatou que o solicitante lhe acusou de assediar a sua esposa, ele foi para conversar e acabaram discutindo.\u00a0<\/em><\/strong><\/p>\n\n\n\n<figure class=\"wp-block-image size-full\"><img decoding=\"async\" src=\"https:\/\/radiostudiow.com.br\/site\/wp-content\/uploads\/2023\/02\/image-21.png\" alt=\"\" class=\"wp-image-11405\"\/><\/figure>\n\n\n\n<p>A equipe da Pol\u00edcia Militar de Bituruna foi acionada para verificar uma situa\u00e7\u00e3o de amea\u00e7a no bairro S\u00e3o Francisco&nbsp;por volta das 16:20 horas desse domingo (02).&nbsp;<\/p>\n\n\n\n<p>No local a equipe conversou com o solicitante, o qual relatou que seu vizinho estava embriagado e estaria amea\u00e7ando as pessoas com uma arma de fogo. Ainda afirmou que o autor estava em frente da sua casa, lhe amea\u00e7ando, falando que queria ver o sangue do solicitante e se fosse homem sairia para fora ver o que aconteceria. At\u00e9 a chegada da equipe o autor se invadiu do local.&nbsp;<\/p>\n\n\n\n<p>Em patrulhamento pelas proximidades, a equipe localizou o autor das amea\u00e7as, em revista pessoal nada de il\u00edcito foi&nbsp;localizado. Os policiais perguntaram ao autor sobre a situa\u00e7\u00e3o, ele relatou que o solicitante lhe acusou de assediar a sua mulher e foi at\u00e9 l\u00e1 para conversar, onde acabaram discutindo.&nbsp;<\/p>\n\n\n\n<p>Diante da situa\u00e7\u00e3o, as partes foram orientadas e n\u00e3o desejaram representar no momento dos fatos&nbsp;<\/p>\n\n\n\n<figure class=\"wp-block-image size-full\"><img decoding=\"async\" src=\"https:\/\/radiostudiow.com.br\/site\/wp-content\/uploads\/2023\/02\/image-24.png\" alt=\"\" class=\"wp-image-11411\"\/><\/figure>\n","protected":false},"excerpt":{"rendered":"<p>O autor relatou que o solicitante lhe acusou de assediar a sua esposa, ele foi para conversar e acabaram discutindo.\u00a0 A equipe da Pol\u00edcia Militar de Bituruna foi acionada para verificar uma situa\u00e7\u00e3o de amea\u00e7a no bairro S\u00e3o Francisco&nbsp;por volta das 16:20 horas desse domingo (02).&nbsp; No local a equipe conversou com o solicitante, o [&hellip;]<\/p>\n","protected":false},"author":2,"featured_media":11361,"comment_status":"open","ping_status":"open","sticky":false,"template":"","format":"standard","meta":{"footnotes":""},"categories":[2],"tags":[172],"class_list":["post-12191","post","type-post","status-publish","format-standard","has-post-thumbnail","hentry","category-policial","tag-featured"],"amp_enabled":true,"_links":{"self":[{"href":"https:\/\/radiostudiow.com.br\/site\/wp-json\/wp\/v2\/posts\/12191","targetHints":{"allow":["GET"]}}],"collection":[{"href":"https:\/\/radiostudiow.com.br\/site\/wp-json\/wp\/v2\/posts"}],"about":[{"href":"https:\/\/radiostudiow.com.br\/site\/wp-json\/wp\/v2\/types\/post"}],"author":[{"embeddable":true,"href":"https:\/\/radiostudiow.com.br\/site\/wp-json\/wp\/v2\/users\/2"}],"replies":[{"embeddable":true,"href":"https:\/\/radiostudiow.com.br\/site\/wp-json\/wp\/v2\/comments?post=12191"}],"version-history":[{"count":2,"href":"https:\/\/radiostudiow.com.br\/site\/wp-json\/wp\/v2\/posts\/12191\/revisions"}],"predecessor-version":[{"id":12194,"href":"https:\/\/radiostudiow.com.br\/site\/wp-json\/wp\/v2\/posts\/12191\/revisions\/12194"}],"wp:featuredmedia":[{"embeddable":true,"href":"https:\/\/radiostudiow.com.br\/site\/wp-json\/wp\/v2\/media\/11361"}],"wp:attachment":[{"href":"https:\/\/radiostudiow.com.br\/site\/wp-json\/wp\/v2\/media?parent=12191"}],"wp:term":[{"taxonomy":"category","embeddable":true,"href":"https:\/\/radiostudiow.com.br\/site\/wp-json\/wp\/v2\/categories?post=12191"},{"taxonomy":"post_tag","embeddable":true,"href":"https:\/\/radiostudiow.com.br\/site\/wp-json\/wp\/v2\/tags?post=12191"}],"curies":[{"name":"wp","href":"https:\/\/api.w.org\/{rel}","templated":true}]}}