{"id":12195,"date":"2023-04-03T19:15:46","date_gmt":"2023-04-03T22:15:46","guid":{"rendered":"https:\/\/radiostudiow.com.br\/site\/?p=12195"},"modified":"2025-01-31T15:06:53","modified_gmt":"2025-01-31T18:06:53","slug":"bombeiros-de-sao-mateus-do-sul-comeca-a-semana-em-buscas-por-mulher-desaparecida","status":"publish","type":"post","link":"https:\/\/radiostudiow.com.br\/site\/2023\/04\/03\/bombeiros-de-sao-mateus-do-sul-comeca-a-semana-em-buscas-por-mulher-desaparecida\/","title":{"rendered":"BOMBEIROS DE S\u00c3O MATEUS DO SUL COME\u00c7A A SEMANA EM\u00a0BUSCAS POR MULHER DESAPARECIDA\u00a0"},"content":{"rendered":"\n<p><\/p>\n\n\n\n<figure class=\"wp-block-image size-full\"><img decoding=\"async\" src=\"https:\/\/radiostudiow.com.br\/site\/wp-content\/uploads\/2023\/02\/image-23.png\" alt=\"\" class=\"wp-image-11407\"\/><\/figure>\n\n\n\n<p>O Corpo de Bombeiros de S\u00e3o Mateus do Sul segue as buscas por&nbsp;Janete Gon\u00e7alves Padilha nas \u00e1guas do Rio Igua\u00e7u nessa segunda-feira (03).&nbsp;<\/p>\n\n\n\n<p>O delegado afirmou na manh\u00e3 dessa segunda-feira, 03 de abril, ele informou que ainda n\u00e3o surgiram novidades sobre o caso e o que de fato aconteceu com o casal que foi visto pela \u00faltima vez h\u00e1 uma semana.<\/p>\n\n\n\n<p><a href=\"https:\/\/radiostudiow.com.br\/site\/2023\/04\/01\/bombeiros-4o-dia-de-buscas-por-mulher-desaparecida-em-sao-mateus-do-sul\/\" data-type=\"URL\" data-id=\"https:\/\/radiostudiow.com.br\/site\/2023\/04\/01\/bombeiros-4o-dia-de-buscas-por-mulher-desaparecida-em-sao-mateus-do-sul\/\"><strong>RELEMBRE O CASO CLICANDO AQUI!<\/strong><\/a><\/p>\n\n\n\n<blockquote class=\"wp-block-quote is-layout-flow wp-block-quote-is-layout-flow\">\n<p>Informa\u00e7\u00f5es sobre o paradeiro de Janete podem ser repassadas diretamente para o Corpo de Bombeiros via 193.&nbsp;<\/p>\n<\/blockquote>\n","protected":false},"excerpt":{"rendered":"<p>O Corpo de Bombeiros de S\u00e3o Mateus do Sul segue as buscas por&nbsp;Janete Gon\u00e7alves Padilha nas \u00e1guas do Rio Igua\u00e7u nessa segunda-feira (03).&nbsp; O delegado afirmou na manh\u00e3 dessa segunda-feira, 03 de abril, ele informou que ainda n\u00e3o surgiram novidades sobre o caso e o que de fato aconteceu com o casal que foi visto [&hellip;]<\/p>\n","protected":false},"author":2,"featured_media":0,"comment_status":"open","ping_status":"open","sticky":false,"template":"","format":"standard","meta":{"footnotes":""},"categories":[2],"tags":[172],"class_list":["post-12195","post","type-post","status-publish","format-standard","hentry","category-policial","tag-featured"],"amp_enabled":true,"_links":{"self":[{"href":"https:\/\/radiostudiow.com.br\/site\/wp-json\/wp\/v2\/posts\/12195","targetHints":{"allow":["GET"]}}],"collection":[{"href":"https:\/\/radiostudiow.com.br\/site\/wp-json\/wp\/v2\/posts"}],"about":[{"href":"https:\/\/radiostudiow.com.br\/site\/wp-json\/wp\/v2\/types\/post"}],"author":[{"embeddable":true,"href":"https:\/\/radiostudiow.com.br\/site\/wp-json\/wp\/v2\/users\/2"}],"replies":[{"embeddable":true,"href":"https:\/\/radiostudiow.com.br\/site\/wp-json\/wp\/v2\/comments?post=12195"}],"version-history":[{"count":2,"href":"https:\/\/radiostudiow.com.br\/site\/wp-json\/wp\/v2\/posts\/12195\/revisions"}],"predecessor-version":[{"id":12198,"href":"https:\/\/radiostudiow.com.br\/site\/wp-json\/wp\/v2\/posts\/12195\/revisions\/12198"}],"wp:attachment":[{"href":"https:\/\/radiostudiow.com.br\/site\/wp-json\/wp\/v2\/media?parent=12195"}],"wp:term":[{"taxonomy":"category","embeddable":true,"href":"https:\/\/radiostudiow.com.br\/site\/wp-json\/wp\/v2\/categories?post=12195"},{"taxonomy":"post_tag","embeddable":true,"href":"https:\/\/radiostudiow.com.br\/site\/wp-json\/wp\/v2\/tags?post=12195"}],"curies":[{"name":"wp","href":"https:\/\/api.w.org\/{rel}","templated":true}]}}