{"id":12205,"date":"2023-04-03T21:06:12","date_gmt":"2023-04-04T00:06:12","guid":{"rendered":"https:\/\/radiostudiow.com.br\/site\/?p=12205"},"modified":"2025-01-31T15:06:53","modified_gmt":"2025-01-31T18:06:53","slug":"palio-com-placas-de-mallet-se-envolve-em-acidente-na-br-476","status":"publish","type":"post","link":"https:\/\/radiostudiow.com.br\/site\/2023\/04\/03\/palio-com-placas-de-mallet-se-envolve-em-acidente-na-br-476\/","title":{"rendered":"PALIO COM PLACAS DE MALLET SE ENVOLVE EM ACIDENTE NA BR 476"},"content":{"rendered":"\n<p><strong><em>A PRF foi acionada para atender o acidente e as v\u00edtimas encaminhadas para o Hospital Regional.\u00a0<\/em><\/strong><\/p>\n\n\n\n<figure class=\"wp-block-image size-large\"><img decoding=\"async\" src=\"https:\/\/radiostudiow.com.br\/site\/wp-content\/uploads\/2023\/01\/image-3-1024x392.png\" alt=\"\" class=\"wp-image-10452\"\/><\/figure>\n\n\n\n<p>Ve\u00edculo Fiat Palio com placas de Mallet se envolve em um acidente por volta das 06:00 horas desse domingo, 02 de abril,\u00a0na BR 476, KM 330, em Paula Freitas.\u00a0<\/p>\n\n\n\n<p>No local o corpo de bombeiros de Uni\u00e3o da Vit\u00f3ria prestou socorro para o ocupante do ve\u00edculo Palio, o qual estava com ferimentos na cabe\u00e7a. &nbsp;<\/p>\n\n\n\n<p>Segundo informa\u00e7\u00f5es o ve\u00edculo GM Montana vermelha placas de Rio Azul seguia realizando uma ultrapassagem a um caminh\u00e3o que estava na terceira faixa, quando o ve\u00edculo Fiat Palio placas de Mallet, invadiu a pista contr\u00e1ria vindo a acontecer a colis\u00e3o. &nbsp;<\/p>\n\n\n\n<p>A PRF foi acionada para atender o acidente e as v\u00edtimas encaminhadas para o Hospital Regional.<\/p>\n\n\n\n<figure class=\"wp-block-image size-full\"><img decoding=\"async\" src=\"https:\/\/radiostudiow.com.br\/site\/wp-content\/uploads\/2023\/02\/image-12.png\" alt=\"\" class=\"wp-image-11282\"\/><\/figure>\n\n\n\n<p>Fotos Kati Emanoele\/Portal Clic Sul News<\/p>\n","protected":false},"excerpt":{"rendered":"<p>A PRF foi acionada para atender o acidente e as v\u00edtimas encaminhadas para o Hospital Regional.\u00a0 Ve\u00edculo Fiat Palio com placas de Mallet se envolve em um acidente por volta das 06:00 horas desse domingo, 02 de abril,\u00a0na BR 476, KM 330, em Paula Freitas.\u00a0 No local o corpo de bombeiros de Uni\u00e3o da Vit\u00f3ria [&hellip;]<\/p>\n","protected":false},"author":2,"featured_media":12206,"comment_status":"open","ping_status":"open","sticky":false,"template":"","format":"standard","meta":{"footnotes":""},"categories":[2],"tags":[172],"class_list":["post-12205","post","type-post","status-publish","format-standard","has-post-thumbnail","hentry","category-policial","tag-featured"],"amp_enabled":true,"_links":{"self":[{"href":"https:\/\/radiostudiow.com.br\/site\/wp-json\/wp\/v2\/posts\/12205","targetHints":{"allow":["GET"]}}],"collection":[{"href":"https:\/\/radiostudiow.com.br\/site\/wp-json\/wp\/v2\/posts"}],"about":[{"href":"https:\/\/radiostudiow.com.br\/site\/wp-json\/wp\/v2\/types\/post"}],"author":[{"embeddable":true,"href":"https:\/\/radiostudiow.com.br\/site\/wp-json\/wp\/v2\/users\/2"}],"replies":[{"embeddable":true,"href":"https:\/\/radiostudiow.com.br\/site\/wp-json\/wp\/v2\/comments?post=12205"}],"version-history":[{"count":1,"href":"https:\/\/radiostudiow.com.br\/site\/wp-json\/wp\/v2\/posts\/12205\/revisions"}],"predecessor-version":[{"id":12207,"href":"https:\/\/radiostudiow.com.br\/site\/wp-json\/wp\/v2\/posts\/12205\/revisions\/12207"}],"wp:featuredmedia":[{"embeddable":true,"href":"https:\/\/radiostudiow.com.br\/site\/wp-json\/wp\/v2\/media\/12206"}],"wp:attachment":[{"href":"https:\/\/radiostudiow.com.br\/site\/wp-json\/wp\/v2\/media?parent=12205"}],"wp:term":[{"taxonomy":"category","embeddable":true,"href":"https:\/\/radiostudiow.com.br\/site\/wp-json\/wp\/v2\/categories?post=12205"},{"taxonomy":"post_tag","embeddable":true,"href":"https:\/\/radiostudiow.com.br\/site\/wp-json\/wp\/v2\/tags?post=12205"}],"curies":[{"name":"wp","href":"https:\/\/api.w.org\/{rel}","templated":true}]}}