{"id":12224,"date":"2023-04-05T10:08:08","date_gmt":"2023-04-05T13:08:08","guid":{"rendered":"https:\/\/radiostudiow.com.br\/site\/?p=12224"},"modified":"2025-01-31T15:06:53","modified_gmt":"2025-01-31T18:06:53","slug":"vamos-nos-proteger-campanha-de-vacinacao-mallet","status":"publish","type":"post","link":"https:\/\/radiostudiow.com.br\/site\/2023\/04\/05\/vamos-nos-proteger-campanha-de-vacinacao-mallet\/","title":{"rendered":"VAMOS NOS PROTEGER! CAMPANHA DE VACINA\u00c7\u00c3O MALLET"},"content":{"rendered":"\n<figure class=\"wp-block-image size-large\"><img decoding=\"async\" src=\"https:\/\/radiostudiow.com.br\/site\/wp-content\/uploads\/2023\/03\/333961748_218140324032662_8763106638246866213_n-1024x452.png\" alt=\"\" class=\"wp-image-11670\"\/><\/figure>\n\n\n\n<p>A Campanha da Gripe (Influenza) <img loading=\"lazy\" decoding=\"async\" height=\"16\" width=\"16\" src=\"https:\/\/static.xx.fbcdn.net\/images\/emoji.php\/v9\/tcd\/1\/16\/1f489.png\" alt=\"\ud83d\udc89\"> come\u00e7ou, e esta dispon\u00edvel em todas as Estrat\u00e9gias de Sa\u00fade da Fam\u00edlia \u2013 ESF do munic\u00edpio.<\/p>\n\n\n\n<p>Neste ano os grupos priorit\u00e1rios que devem ser vacinados s\u00e3o:<\/p>\n\n\n\n<p><a><\/a><img loading=\"lazy\" decoding=\"async\" height=\"16\" width=\"16\" alt=\"\ud83d\udc75\ud83c\udffb\" src=\"https:\/\/static.xx.fbcdn.net\/images\/emoji.php\/v9\/t25\/1\/16\/1f475_1f3fb.png\"> Idosos com mais de 60 anos;<\/p>\n\n\n\n<p><img loading=\"lazy\" decoding=\"async\" height=\"16\" width=\"16\" alt=\"\ud83d\udc67\ud83c\udffc\" src=\"https:\/\/static.xx.fbcdn.net\/images\/emoji.php\/v9\/tc9\/1\/16\/1f467_1f3fc.png\"> Crian\u00e7as de 6 meses a 5 anos, 11 meses e 29 dias;<\/p>\n\n\n\n<p><img loading=\"lazy\" decoding=\"async\" height=\"16\" width=\"16\" alt=\"\ud83e\udd30\ud83c\udffe\" src=\"https:\/\/static.xx.fbcdn.net\/images\/emoji.php\/v9\/tec\/1\/16\/1f930_1f3fe.png\"> Gestantes;<\/p>\n\n\n\n<p><img loading=\"lazy\" decoding=\"async\" height=\"16\" width=\"16\" alt=\"\ud83d\udc69\ud83c\udffb\u200d\ud83c\udf7c\" src=\"https:\/\/static.xx.fbcdn.net\/images\/emoji.php\/v9\/t68\/1\/16\/1f469_1f3fb_200d_1f37c.png\"> Pu\u00e9rperas;<\/p>\n\n\n\n<p><img loading=\"lazy\" decoding=\"async\" height=\"16\" width=\"16\" alt=\"\ud83d\udc68\ud83c\udffc\u200d\u2695\ufe0f\" src=\"https:\/\/static.xx.fbcdn.net\/images\/emoji.php\/v9\/td8\/1\/16\/1f468_1f3fc_200d_2695.png\"> Profissionais de sa\u00fade;<\/p>\n\n\n\n<p><img loading=\"lazy\" decoding=\"async\" height=\"16\" width=\"16\" alt=\"\ud83d\udc68\ud83c\udffc\u200d\ud83c\udfeb\" src=\"https:\/\/static.xx.fbcdn.net\/images\/emoji.php\/v9\/tb9\/1\/16\/1f468_1f3fc_200d_1f3eb.png\"> Professores;<\/p>\n\n\n\n<p><img loading=\"lazy\" decoding=\"async\" height=\"16\" width=\"16\" alt=\"\ud83d\udc71\ud83c\udffb\u200d\u2642\ufe0f\" src=\"https:\/\/static.xx.fbcdn.net\/images\/emoji.php\/v9\/t11\/1\/16\/1f471_1f3fb_200d_2642.png\"> Ind\u00edgenas e quilombolas;<\/p>\n\n\n\n<p><img loading=\"lazy\" decoding=\"async\" height=\"16\" width=\"16\" alt=\"\ud83d\udc69\ud83c\udffb\u200d\ud83d\ude92\" src=\"https:\/\/static.xx.fbcdn.net\/images\/emoji.php\/v9\/tb8\/1\/16\/1f469_1f3fb_200d_1f692.png\"> Profissionais de for\u00e7as de seguran\u00e7a e salvamento;<\/p>\n\n\n\n<p><img loading=\"lazy\" decoding=\"async\" height=\"16\" width=\"16\" alt=\"\ud83d\udc6e\ud83c\udffb\" src=\"https:\/\/static.xx.fbcdn.net\/images\/emoji.php\/v9\/tf6\/1\/16\/1f46e_1f3fb.png\"> For\u00e7as armadas;<\/p>\n\n\n\n<p><img loading=\"lazy\" decoding=\"async\" height=\"16\" width=\"16\" alt=\"\ud83d\udc69\ud83c\udffb\u200d\ud83e\uddaf\" src=\"https:\/\/static.xx.fbcdn.net\/images\/emoji.php\/v9\/t87\/1\/16\/1f469_1f3fb_200d_1f9af.png\"> Pessoas com defici\u00eancia;<\/p>\n\n\n\n<p><img loading=\"lazy\" decoding=\"async\" height=\"16\" width=\"16\" alt=\"\ud83e\uddcd\ud83c\udffd\" src=\"https:\/\/static.xx.fbcdn.net\/images\/emoji.php\/v9\/t6f\/1\/16\/1f9cd_1f3fd.png\"> Pessoas com comorbidades e doen\u00e7as cr\u00f4nicas;<\/p>\n\n\n\n<p><img loading=\"lazy\" decoding=\"async\" height=\"16\" width=\"16\" alt=\"\ud83d\ude9a\" src=\"https:\/\/static.xx.fbcdn.net\/images\/emoji.php\/v9\/t16\/1\/16\/1f69a.png\"> Caminhoneiros;<\/p>\n\n\n\n<p><img loading=\"lazy\" decoding=\"async\" height=\"16\" width=\"16\" alt=\"\ud83d\ude8c\" src=\"https:\/\/static.xx.fbcdn.net\/images\/emoji.php\/v9\/t79\/1\/16\/1f68c.png\"> Trabalhadores do transporte coletivo rodovi\u00e1rio;<\/p>\n\n\n\n<p><img loading=\"lazy\" decoding=\"async\" height=\"16\" width=\"16\" alt=\"\ud83d\udc6e\ud83c\udffb\u200d\u2640\ufe0f\" src=\"https:\/\/static.xx.fbcdn.net\/images\/emoji.php\/v9\/ta4\/1\/16\/1f46e_1f3fb_200d_2640.png\"> Trabalhadores do sistema de priva\u00e7\u00e3o de liberdade;<\/p>\n\n\n\n<p><img loading=\"lazy\" decoding=\"async\" height=\"16\" width=\"16\" alt=\"\ud83e\uddcd\ud83c\udffb\u200d\u2642\ufe0f\" src=\"https:\/\/static.xx.fbcdn.net\/images\/emoji.php\/v9\/t5d\/1\/16\/1f9cd_1f3fb_200d_2642.png\"> Popula\u00e7\u00e3o privada de liberdade com mais de 18 anos e adolescentes e jovens em medidas socioeducativas.<\/p>\n\n\n\n<p><img loading=\"lazy\" decoding=\"async\" height=\"16\" width=\"16\" src=\"https:\/\/static.xx.fbcdn.net\/images\/emoji.php\/v9\/tdc\/1\/16\/26a0.png\" alt=\"\u26a0\ufe0f\"> Todos os que se enquadram nos crit\u00e9rios de vacina\u00e7\u00e3o devem procurar a unidade de sa\u00fade de refer\u00eancia, portando carteirinha de vacina\u00e7\u00e3o, CPF e\/ou Cart\u00e3o SUS e documentos <img loading=\"lazy\" decoding=\"async\" height=\"16\" width=\"16\" src=\"https:\/\/static.xx.fbcdn.net\/images\/emoji.php\/v9\/td9\/1\/16\/1faaa.png\" alt=\"\ud83e\udeaa\"> que comprovem que a pessoa faz parte do grupo priorit\u00e1rio.<\/p>\n\n\n\n<figure class=\"wp-block-image size-full\"><img decoding=\"async\" src=\"https:\/\/radiostudiow.com.br\/site\/wp-content\/uploads\/2023\/02\/image-12.png\" alt=\"\" class=\"wp-image-11282\"\/><\/figure>\n\n\n\n<p>VACINA\u00c7\u00c3O COVID-19<\/p>\n\n\n\n<p>&#8211; Em conjunto, seguimos com a vacina\u00e7\u00e3o da Covid monovalente para a popula\u00e7\u00e3o acima dos 6 meses de vida.<\/p>\n\n\n\n<p>&#8211; Demais grupos deve ter o esquema completo de pelo menos 2 doses de vacina.<\/p>\n\n\n\n<p>&#8211; Pessoas desses grupos que tiverem apenas uma dose ou nenhuma, dever\u00e3o ser vacinadas com a vacina monovalente completando as duas primeiras doses iniciais.<\/p>\n\n\n\n<p>&#8211; Vacina\u00e7\u00e3o de refor\u00e7o com a vacina COVID- bivalente para os grupos priorit\u00e1rios com duas doses monovalentes pr\u00e9vias.<\/p>\n","protected":false},"excerpt":{"rendered":"<p>A Campanha da Gripe (Influenza) come\u00e7ou, e esta dispon\u00edvel em todas as Estrat\u00e9gias de Sa\u00fade da Fam\u00edlia \u2013 ESF do munic\u00edpio. Neste ano os grupos priorit\u00e1rios que devem ser vacinados s\u00e3o: Idosos com mais de 60 anos; Crian\u00e7as de 6 meses a 5 anos, 11 meses e 29 dias; Gestantes; Pu\u00e9rperas; Profissionais de sa\u00fade; Professores; [&hellip;]<\/p>\n","protected":false},"author":2,"featured_media":0,"comment_status":"open","ping_status":"open","sticky":false,"template":"","format":"standard","meta":{"footnotes":""},"categories":[182],"tags":[172],"class_list":["post-12224","post","type-post","status-publish","format-standard","hentry","category-saude","tag-featured"],"amp_enabled":true,"_links":{"self":[{"href":"https:\/\/radiostudiow.com.br\/site\/wp-json\/wp\/v2\/posts\/12224","targetHints":{"allow":["GET"]}}],"collection":[{"href":"https:\/\/radiostudiow.com.br\/site\/wp-json\/wp\/v2\/posts"}],"about":[{"href":"https:\/\/radiostudiow.com.br\/site\/wp-json\/wp\/v2\/types\/post"}],"author":[{"embeddable":true,"href":"https:\/\/radiostudiow.com.br\/site\/wp-json\/wp\/v2\/users\/2"}],"replies":[{"embeddable":true,"href":"https:\/\/radiostudiow.com.br\/site\/wp-json\/wp\/v2\/comments?post=12224"}],"version-history":[{"count":1,"href":"https:\/\/radiostudiow.com.br\/site\/wp-json\/wp\/v2\/posts\/12224\/revisions"}],"predecessor-version":[{"id":12226,"href":"https:\/\/radiostudiow.com.br\/site\/wp-json\/wp\/v2\/posts\/12224\/revisions\/12226"}],"wp:attachment":[{"href":"https:\/\/radiostudiow.com.br\/site\/wp-json\/wp\/v2\/media?parent=12224"}],"wp:term":[{"taxonomy":"category","embeddable":true,"href":"https:\/\/radiostudiow.com.br\/site\/wp-json\/wp\/v2\/categories?post=12224"},{"taxonomy":"post_tag","embeddable":true,"href":"https:\/\/radiostudiow.com.br\/site\/wp-json\/wp\/v2\/tags?post=12224"}],"curies":[{"name":"wp","href":"https:\/\/api.w.org\/{rel}","templated":true}]}}