{"id":12286,"date":"2023-04-08T12:06:51","date_gmt":"2023-04-08T15:06:51","guid":{"rendered":"https:\/\/radiostudiow.com.br\/site\/?p=12286"},"modified":"2025-01-31T15:06:52","modified_gmt":"2025-01-31T18:06:52","slug":"loja-de-paulo-frontin-e-alvo-de-furto-autor-foi-preso-em-flagrante","status":"publish","type":"post","link":"https:\/\/radiostudiow.com.br\/site\/2023\/04\/08\/loja-de-paulo-frontin-e-alvo-de-furto-autor-foi-preso-em-flagrante\/","title":{"rendered":"LOJA DE PAULO FRONTIN \u00c9 ALVO DE FURTO. AUTOR FOI PRESO EM FLAGRANTE"},"content":{"rendered":"\n<p><strong><em>Os policiais lograram \u00eaxito na abordagem do autor pr\u00f3ximo a uma mata onde o mesmo havia rec\u00e9m escondido o produto furtado. <\/em><\/strong><\/p>\n\n\n\n<figure class=\"wp-block-image size-full\"><img decoding=\"async\" src=\"https:\/\/radiostudiow.com.br\/site\/wp-content\/uploads\/2023\/02\/image-26.png\" alt=\"\" class=\"wp-image-11435\"\/><\/figure>\n\n\n\n<p>A\u00a0equipe da Pol\u00edcia Militar de Paulo Frontin foi abordada por uma mulher, a qual relatou que um homem\u00a0havia acabado de cometer um furto de roupas em um estabelecimento comercial no centro do munic\u00edpio por volta das 15:30 horas dessa quinta-feira (06).\u00a0<\/p>\n\n\n\n<p>Em patrulhamento pelas imedia\u00e7\u00f5es, foi feito contato com a v\u00edtima e propriet\u00e1rio do estabelecimento furtado e seguindo indica\u00e7\u00f5es de populares sobre os locais passados pelo autor.&nbsp;<\/p>\n\n\n\n<p>Os policiais lograram \u00eaxito na abordagem do autor pr\u00f3ximo a uma mata onde o mesmo havia rec\u00e9m escondido o produto furtado. O abordado assumiu a autoria e o produto furtado foi reconhecido pela v\u00edtima.&nbsp;<\/p>\n\n\n\n<p>Foi dado voz de pris\u00e3o ao autor, sendo necess\u00e1rio a utiliza\u00e7\u00e3o de algemas parar esguarda a seguran\u00e7a da equipe e dos envolvidos.<\/p>\n\n\n\n<p>O autor \u00e9 conhecido na regi\u00e3o pela autoria de crimes contra o patrim\u00f4nio.\u00a0<\/p>\n\n\n\n<figure class=\"wp-block-image size-full\"><img decoding=\"async\" src=\"https:\/\/radiostudiow.com.br\/site\/wp-content\/uploads\/2023\/02\/image-21.png\" alt=\"\" class=\"wp-image-11405\"\/><\/figure>\n","protected":false},"excerpt":{"rendered":"<p>Os policiais lograram \u00eaxito na abordagem do autor pr\u00f3ximo a uma mata onde o mesmo havia rec\u00e9m escondido o produto furtado. A\u00a0equipe da Pol\u00edcia Militar de Paulo Frontin foi abordada por uma mulher, a qual relatou que um homem\u00a0havia acabado de cometer um furto de roupas em um estabelecimento comercial no centro do munic\u00edpio por [&hellip;]<\/p>\n","protected":false},"author":2,"featured_media":0,"comment_status":"open","ping_status":"open","sticky":false,"template":"","format":"standard","meta":{"footnotes":""},"categories":[2],"tags":[172],"class_list":["post-12286","post","type-post","status-publish","format-standard","hentry","category-policial","tag-featured"],"amp_enabled":true,"_links":{"self":[{"href":"https:\/\/radiostudiow.com.br\/site\/wp-json\/wp\/v2\/posts\/12286","targetHints":{"allow":["GET"]}}],"collection":[{"href":"https:\/\/radiostudiow.com.br\/site\/wp-json\/wp\/v2\/posts"}],"about":[{"href":"https:\/\/radiostudiow.com.br\/site\/wp-json\/wp\/v2\/types\/post"}],"author":[{"embeddable":true,"href":"https:\/\/radiostudiow.com.br\/site\/wp-json\/wp\/v2\/users\/2"}],"replies":[{"embeddable":true,"href":"https:\/\/radiostudiow.com.br\/site\/wp-json\/wp\/v2\/comments?post=12286"}],"version-history":[{"count":1,"href":"https:\/\/radiostudiow.com.br\/site\/wp-json\/wp\/v2\/posts\/12286\/revisions"}],"predecessor-version":[{"id":12287,"href":"https:\/\/radiostudiow.com.br\/site\/wp-json\/wp\/v2\/posts\/12286\/revisions\/12287"}],"wp:attachment":[{"href":"https:\/\/radiostudiow.com.br\/site\/wp-json\/wp\/v2\/media?parent=12286"}],"wp:term":[{"taxonomy":"category","embeddable":true,"href":"https:\/\/radiostudiow.com.br\/site\/wp-json\/wp\/v2\/categories?post=12286"},{"taxonomy":"post_tag","embeddable":true,"href":"https:\/\/radiostudiow.com.br\/site\/wp-json\/wp\/v2\/tags?post=12286"}],"curies":[{"name":"wp","href":"https:\/\/api.w.org\/{rel}","templated":true}]}}