{"id":12289,"date":"2023-04-10T10:07:29","date_gmt":"2023-04-10T13:07:29","guid":{"rendered":"https:\/\/radiostudiow.com.br\/site\/?p=12289"},"modified":"2025-01-31T15:06:52","modified_gmt":"2025-01-31T18:06:52","slug":"mulher-e-agredida-por-marido-embriagado-em-sao-mateus-do-sul","status":"publish","type":"post","link":"https:\/\/radiostudiow.com.br\/site\/2023\/04\/10\/mulher-e-agredida-por-marido-embriagado-em-sao-mateus-do-sul\/","title":{"rendered":"MULHER \u00c9 AGREDIDA POR MARIDO EMBRIAGADO EM S\u00c3O MATEUS DO SUL\u00a0"},"content":{"rendered":"\n<p><strong><em>O autor arremessou uma vasilha e fugiu do local e a v\u00edtima foi levada ao P.A. pela filha e genro.\u00a0<\/em><\/strong><\/p>\n\n\n\n<figure class=\"wp-block-image size-full\"><img decoding=\"async\" src=\"https:\/\/radiostudiow.com.br\/site\/wp-content\/uploads\/2023\/02\/image-21.png\" alt=\"\" class=\"wp-image-11405\"\/><\/figure>\n\n\n\n<p>A equipe da Pol\u00edcia Militar foi acionada para se deslocar at\u00e9 o Pronto Atendimento Municipal uma mulher deu entrada ap\u00f3s ficar ferida ap\u00f3s ser agredida por volta das 21:00 horas desse\u00a0domingo (9).\u00a0<\/p>\n\n\n\n<p>Os policiais entraram em conversa com a v\u00edtima, a qual relatou que o homem chegou em casa embriagado e lhe arremessou uma vasilha, causando um corte no lado esquerdo da cabe\u00e7a. Logo em seguida, o agressor fugiu do local e a mulher foi levada ao P.A. pela filha e genro.&nbsp;<\/p>\n\n\n\n<p>Diante dos fatos, a equipe orientou a v\u00edtima quanto aos procedimentos cab\u00edveis.<\/p>\n\n\n\n<figure class=\"wp-block-image size-full\"><img loading=\"lazy\" decoding=\"async\" width=\"768\" height=\"175\" src=\"https:\/\/radiostudiow.com.br\/site\/wp-content\/uploads\/2023\/03\/image-22.png\" alt=\"\" class=\"wp-image-12046\" srcset=\"https:\/\/radiostudiow.com.br\/site\/wp-content\/uploads\/2023\/03\/image-22.png 768w, https:\/\/radiostudiow.com.br\/site\/wp-content\/uploads\/2023\/03\/image-22-300x68.png 300w\" sizes=\"auto, (max-width: 768px) 100vw, 768px\" \/><\/figure>\n\n\n\n<p>\u00a0<\/p>\n","protected":false},"excerpt":{"rendered":"<p>O autor arremessou uma vasilha e fugiu do local e a v\u00edtima foi levada ao P.A. pela filha e genro.\u00a0 A equipe da Pol\u00edcia Militar foi acionada para se deslocar at\u00e9 o Pronto Atendimento Municipal uma mulher deu entrada ap\u00f3s ficar ferida ap\u00f3s ser agredida por volta das 21:00 horas desse\u00a0domingo (9).\u00a0 Os policiais entraram [&hellip;]<\/p>\n","protected":false},"author":2,"featured_media":10905,"comment_status":"open","ping_status":"open","sticky":false,"template":"","format":"standard","meta":{"footnotes":""},"categories":[2],"tags":[172],"class_list":["post-12289","post","type-post","status-publish","format-standard","has-post-thumbnail","hentry","category-policial","tag-featured"],"amp_enabled":true,"_links":{"self":[{"href":"https:\/\/radiostudiow.com.br\/site\/wp-json\/wp\/v2\/posts\/12289","targetHints":{"allow":["GET"]}}],"collection":[{"href":"https:\/\/radiostudiow.com.br\/site\/wp-json\/wp\/v2\/posts"}],"about":[{"href":"https:\/\/radiostudiow.com.br\/site\/wp-json\/wp\/v2\/types\/post"}],"author":[{"embeddable":true,"href":"https:\/\/radiostudiow.com.br\/site\/wp-json\/wp\/v2\/users\/2"}],"replies":[{"embeddable":true,"href":"https:\/\/radiostudiow.com.br\/site\/wp-json\/wp\/v2\/comments?post=12289"}],"version-history":[{"count":1,"href":"https:\/\/radiostudiow.com.br\/site\/wp-json\/wp\/v2\/posts\/12289\/revisions"}],"predecessor-version":[{"id":12290,"href":"https:\/\/radiostudiow.com.br\/site\/wp-json\/wp\/v2\/posts\/12289\/revisions\/12290"}],"wp:featuredmedia":[{"embeddable":true,"href":"https:\/\/radiostudiow.com.br\/site\/wp-json\/wp\/v2\/media\/10905"}],"wp:attachment":[{"href":"https:\/\/radiostudiow.com.br\/site\/wp-json\/wp\/v2\/media?parent=12289"}],"wp:term":[{"taxonomy":"category","embeddable":true,"href":"https:\/\/radiostudiow.com.br\/site\/wp-json\/wp\/v2\/categories?post=12289"},{"taxonomy":"post_tag","embeddable":true,"href":"https:\/\/radiostudiow.com.br\/site\/wp-json\/wp\/v2\/tags?post=12289"}],"curies":[{"name":"wp","href":"https:\/\/api.w.org\/{rel}","templated":true}]}}