{"id":12291,"date":"2023-04-10T10:59:39","date_gmt":"2023-04-10T13:59:39","guid":{"rendered":"https:\/\/radiostudiow.com.br\/site\/?p=12291"},"modified":"2025-01-31T15:06:52","modified_gmt":"2025-01-31T18:06:52","slug":"homem-com-mandado-judicial-em-seu-desfavor-e-preso-pela-pm-de-mallet","status":"publish","type":"post","link":"https:\/\/radiostudiow.com.br\/site\/2023\/04\/10\/homem-com-mandado-judicial-em-seu-desfavor-e-preso-pela-pm-de-mallet\/","title":{"rendered":"HOMEM COM MANDADO JUDICIAL EM SEU DESFAVOR \u00c9 PRESO PELA PM DE MALLET"},"content":{"rendered":"\n<p><em>O autor <strong>foi visto dentro do seu ve\u00edculo estacionado, momento que foi abordado pela equipe policial.<\/strong><\/em><\/p>\n\n\n\n<figure class=\"wp-block-image size-full\"><img decoding=\"async\" src=\"https:\/\/radiostudiow.com.br\/site\/wp-content\/uploads\/2023\/02\/image-20.png\" alt=\"\" class=\"wp-image-11402\"\/><\/figure>\n\n\n\n<p>A equipe da Pol\u00edcia Militar de Mallet de cumprimento de Mandado Judicial durante patrulhamento na \u00e1rea central da cidade por volta das 18:30 horas desse domingo (09).<\/p>\n\n\n\n<p>De acordo com os policiais, foi avistado um ve\u00edculo estacionado, sendo de conhecimento da equipe que consta um mandado de pris\u00e3o em desfavor do propriet\u00e1rio.<\/p>\n\n\n\n<p>Realizada a abordagem e identificado o condutor, apresentado ao mesmo o mandado de pris\u00e3o por descumprimento de medidas protetivas de urg\u00eancia.<\/p>\n\n\n\n<p>Diante dos fatos foi dado voz de pris\u00e3o e conduzido o autor at\u00e9 o Depen De Uni\u00e3o Da Vitoria.<\/p>\n\n\n\n<figure class=\"wp-block-image size-large\"><img decoding=\"async\" src=\"https:\/\/radiostudiow.com.br\/site\/wp-content\/uploads\/2023\/03\/333961748_218140324032662_8763106638246866213_n-1024x452.png\" alt=\"\" class=\"wp-image-11670\"\/><\/figure>\n","protected":false},"excerpt":{"rendered":"<p>O autor foi visto dentro do seu ve\u00edculo estacionado, momento que foi abordado pela equipe policial. A equipe da Pol\u00edcia Militar de Mallet de cumprimento de Mandado Judicial durante patrulhamento na \u00e1rea central da cidade por volta das 18:30 horas desse domingo (09). De acordo com os policiais, foi avistado um ve\u00edculo estacionado, sendo de [&hellip;]<\/p>\n","protected":false},"author":2,"featured_media":7578,"comment_status":"open","ping_status":"open","sticky":false,"template":"","format":"standard","meta":{"footnotes":""},"categories":[2],"tags":[172],"class_list":["post-12291","post","type-post","status-publish","format-standard","has-post-thumbnail","hentry","category-policial","tag-featured"],"amp_enabled":true,"_links":{"self":[{"href":"https:\/\/radiostudiow.com.br\/site\/wp-json\/wp\/v2\/posts\/12291","targetHints":{"allow":["GET"]}}],"collection":[{"href":"https:\/\/radiostudiow.com.br\/site\/wp-json\/wp\/v2\/posts"}],"about":[{"href":"https:\/\/radiostudiow.com.br\/site\/wp-json\/wp\/v2\/types\/post"}],"author":[{"embeddable":true,"href":"https:\/\/radiostudiow.com.br\/site\/wp-json\/wp\/v2\/users\/2"}],"replies":[{"embeddable":true,"href":"https:\/\/radiostudiow.com.br\/site\/wp-json\/wp\/v2\/comments?post=12291"}],"version-history":[{"count":1,"href":"https:\/\/radiostudiow.com.br\/site\/wp-json\/wp\/v2\/posts\/12291\/revisions"}],"predecessor-version":[{"id":12292,"href":"https:\/\/radiostudiow.com.br\/site\/wp-json\/wp\/v2\/posts\/12291\/revisions\/12292"}],"wp:featuredmedia":[{"embeddable":true,"href":"https:\/\/radiostudiow.com.br\/site\/wp-json\/wp\/v2\/media\/7578"}],"wp:attachment":[{"href":"https:\/\/radiostudiow.com.br\/site\/wp-json\/wp\/v2\/media?parent=12291"}],"wp:term":[{"taxonomy":"category","embeddable":true,"href":"https:\/\/radiostudiow.com.br\/site\/wp-json\/wp\/v2\/categories?post=12291"},{"taxonomy":"post_tag","embeddable":true,"href":"https:\/\/radiostudiow.com.br\/site\/wp-json\/wp\/v2\/tags?post=12291"}],"curies":[{"name":"wp","href":"https:\/\/api.w.org\/{rel}","templated":true}]}}